{"id":9022,"date":"2024-11-22T08:52:27","date_gmt":"2024-11-22T11:52:27","guid":{"rendered":"https:\/\/blogs.correiobraziliense.com.br\/lianasabo\/?p=9022"},"modified":"2024-11-22T08:52:27","modified_gmt":"2024-11-22T11:52:27","slug":"cafe-de-advento","status":"publish","type":"post","link":"https:\/\/blogs.correiobraziliense.com.br\/lianasabo\/cafe-de-advento\/","title":{"rendered":"Igreja Luterana oferece caf\u00e9 de advento no pr\u00f3ximo s\u00e1bado (30)"},"content":{"rendered":"<p><em>Comidinhas natalinas fazem parte do card\u00e1pio do evento<\/em><\/p>\n<figure id=\"attachment_9024\" aria-describedby=\"caption-attachment-9024\" style=\"width: 225px\" class=\"wp-caption alignleft\"><a href=\"https:\/\/blogs.correiobraziliense.com.br\/lianasabo\/wp-content\/uploads\/sites\/25\/2024\/11\/WhatsApp-Image-2024-11-21-at-18.14.19.jpeg\"><img loading=\"lazy\" decoding=\"async\" class=\"wp-image-9024 size-medium\" src=\"https:\/\/blogs.correiobraziliense.com.br\/lianasabo\/wp-content\/uploads\/sites\/25\/2024\/11\/WhatsApp-Image-2024-11-21-at-18.14.19-225x300.jpeg\" alt=\"\" width=\"225\" height=\"300\" srcset=\"https:\/\/blogs.correiobraziliense.com.br\/lianasabo\/wp-content\/uploads\/sites\/25\/2024\/11\/WhatsApp-Image-2024-11-21-at-18.14.19-225x300.jpeg 225w, https:\/\/blogs.correiobraziliense.com.br\/lianasabo\/wp-content\/uploads\/sites\/25\/2024\/11\/WhatsApp-Image-2024-11-21-at-18.14.19.jpeg 768w, https:\/\/blogs.correiobraziliense.com.br\/lianasabo\/wp-content\/uploads\/sites\/25\/2024\/11\/WhatsApp-Image-2024-11-21-at-18.14.19-800x1067.jpeg 800w, https:\/\/blogs.correiobraziliense.com.br\/lianasabo\/wp-content\/uploads\/sites\/25\/2024\/11\/WhatsApp-Image-2024-11-21-at-18.14.19-550x733.jpeg 550w, https:\/\/blogs.correiobraziliense.com.br\/lianasabo\/wp-content\/uploads\/sites\/25\/2024\/11\/WhatsApp-Image-2024-11-21-at-18.14.19-230x307.jpeg 230w\" sizes=\"auto, (max-width: 225px) 100vw, 225px\" \/><\/a><figcaption id=\"caption-attachment-9024\" class=\"wp-caption-text\">Cr\u00e9dito: Gerlinda Braun\/Divulga\u00e7\u00e3o<\/figcaption><\/figure>\n<p>Tamb\u00e9m poder\u00e3o ser consumidos ch\u00e1 ou at\u00e9 mesmo suco, al\u00e9m de caf\u00e9 para acompanhar deliciosos doces e salgados que costumam ir \u00e0 mesa com cucas e frios no tradicional evento, alusivo ao primeiro s\u00e1bado de advento, dia 30 de novembro, per\u00edodo lit\u00fargico de quatro semanas que antecede o Natal.<\/p>\n<p>Tortas especiais de v\u00e1rios sabores e biscoitos natalinos ser\u00e3o vendidos al\u00e9m de trabalhos manuais e pe\u00e7as em patchwork. Card\u00e1pio completo sai a R$ 45 (adultos) e R$ 20 (crian\u00e7as de 7 a 12 anos). Os ingressos s\u00e3o limitados. Onde? Na Igreja Luterana, Entrequadras Sul 405\/406, a partir das 15h at\u00e9 \u00e0s 18h30. Reservas: 98568-2020 (whatsapp).<\/p>\n","protected":false},"excerpt":{"rendered":"<p>Comidinhas natalinas fazem parte do card\u00e1pio do evento<\/p>\n","protected":false},"author":54,"featured_media":9023,"comment_status":"open","ping_status":"open","sticky":false,"template":"","format":"standard","meta":{"footnotes":""},"categories":[486],"tags":[962,851],"class_list":["post-9022","post","type-post","status-publish","format-standard","has-post-thumbnail","hentry","category-evento","tag-cafe-de-advento","tag-igreja-luterana"],"_links":{"self":[{"href":"https:\/\/blogs.correiobraziliense.com.br\/lianasabo\/wp-json\/wp\/v2\/posts\/9022","targetHints":{"allow":["GET"]}}],"collection":[{"href":"https:\/\/blogs.correiobraziliense.com.br\/lianasabo\/wp-json\/wp\/v2\/posts"}],"about":[{"href":"https:\/\/blogs.correiobraziliense.com.br\/lianasabo\/wp-json\/wp\/v2\/types\/post"}],"author":[{"embeddable":true,"href":"https:\/\/blogs.correiobraziliense.com.br\/lianasabo\/wp-json\/wp\/v2\/users\/54"}],"replies":[{"embeddable":true,"href":"https:\/\/blogs.correiobraziliense.com.br\/lianasabo\/wp-json\/wp\/v2\/comments?post=9022"}],"version-history":[{"count":1,"href":"https:\/\/blogs.correiobraziliense.com.br\/lianasabo\/wp-json\/wp\/v2\/posts\/9022\/revisions"}],"predecessor-version":[{"id":9025,"href":"https:\/\/blogs.correiobraziliense.com.br\/lianasabo\/wp-json\/wp\/v2\/posts\/9022\/revisions\/9025"}],"wp:featuredmedia":[{"embeddable":true,"href":"https:\/\/blogs.correiobraziliense.com.br\/lianasabo\/wp-json\/wp\/v2\/media\/9023"}],"wp:attachment":[{"href":"https:\/\/blogs.correiobraziliense.com.br\/lianasabo\/wp-json\/wp\/v2\/media?parent=9022"}],"wp:term":[{"taxonomy":"category","embeddable":true,"href":"https:\/\/blogs.correiobraziliense.com.br\/lianasabo\/wp-json\/wp\/v2\/categories?post=9022"},{"taxonomy":"post_tag","embeddable":true,"href":"https:\/\/blogs.correiobraziliense.com.br\/lianasabo\/wp-json\/wp\/v2\/tags?post=9022"}],"curies":[{"name":"wp","href":"https:\/\/api.w.org\/{rel}","templated":true}]}}