{"id":9018,"date":"2024-11-22T08:41:45","date_gmt":"2024-11-22T11:41:45","guid":{"rendered":"https:\/\/blogs.correiobraziliense.com.br\/lianasabo\/?p=9018"},"modified":"2024-11-22T08:41:45","modified_gmt":"2024-11-22T11:41:45","slug":"balsamo-congelados-lanca-sobremesa-zero-acucar-em-parceria-com-bolo-da-ivone","status":"publish","type":"post","link":"https:\/\/blogs.correiobraziliense.com.br\/lianasabo\/balsamo-congelados-lanca-sobremesa-zero-acucar-em-parceria-com-bolo-da-ivone\/","title":{"rendered":"B\u00e1lsamo Congelados lan\u00e7a sobremesa zero a\u00e7\u00facar em parceria com Bolo da Ivone"},"content":{"rendered":"<p>B\u00e1lsamo Congelados, a grife de comida natural, fez parceria com o bolo da Ivone para lan\u00e7ar uma sobremesa com baixa caloria. No sabor chocolate (R$ 27,50) o bolo zero a\u00e7\u00facar de 150g \u00e9 feito com ingredientes selecionados para \u201cquem quer um doce sem culpa\u201d, frisa o chef Pedro Coe, autor de extenso card\u00e1pio, no qual os destaques s\u00e3o muitos.<\/p>\n<figure id=\"attachment_9020\" aria-describedby=\"caption-attachment-9020\" style=\"width: 640px\" class=\"wp-caption aligncenter\"><a href=\"https:\/\/blogs.correiobraziliense.com.br\/lianasabo\/wp-content\/uploads\/sites\/25\/2024\/11\/WhatsApp-Image-2024-11-21-at-18.28.41.jpeg\"><img loading=\"lazy\" decoding=\"async\" class=\"size-full wp-image-9020\" src=\"https:\/\/blogs.correiobraziliense.com.br\/lianasabo\/wp-content\/uploads\/sites\/25\/2024\/11\/WhatsApp-Image-2024-11-21-at-18.28.41.jpeg\" alt=\"\" width=\"640\" height=\"640\" srcset=\"https:\/\/blogs.correiobraziliense.com.br\/lianasabo\/wp-content\/uploads\/sites\/25\/2024\/11\/WhatsApp-Image-2024-11-21-at-18.28.41.jpeg 640w, https:\/\/blogs.correiobraziliense.com.br\/lianasabo\/wp-content\/uploads\/sites\/25\/2024\/11\/WhatsApp-Image-2024-11-21-at-18.28.41-150x150.jpeg 150w, https:\/\/blogs.correiobraziliense.com.br\/lianasabo\/wp-content\/uploads\/sites\/25\/2024\/11\/WhatsApp-Image-2024-11-21-at-18.28.41-300x300.jpeg 300w, https:\/\/blogs.correiobraziliense.com.br\/lianasabo\/wp-content\/uploads\/sites\/25\/2024\/11\/WhatsApp-Image-2024-11-21-at-18.28.41-550x550.jpeg 550w, https:\/\/blogs.correiobraziliense.com.br\/lianasabo\/wp-content\/uploads\/sites\/25\/2024\/11\/WhatsApp-Image-2024-11-21-at-18.28.41-230x230.jpeg 230w\" sizes=\"auto, (max-width: 640px) 100vw, 640px\" \/><\/a><figcaption id=\"caption-attachment-9020\" class=\"wp-caption-text\">Cr\u00e9dito: B\u00e1lsamo Congelados\/Divulga\u00e7\u00e3o<\/figcaption><\/figure>\n<p>Como o fil\u00e9 de pescada assado com manteiga de ervas finalizado com crostini de castanha do Brasil, br\u00f3colis com miss\u00f4 caseiro e shoyu escoltado de pur\u00ea de batata doce com infus\u00e3o de capim santo por R$ 42,50.<\/p>\n<p>A loja fica na comercial 708\/709 da Asa Norte, telefone 99339-5424 (zap) e pedidos@balsamocongelados.com.br.<\/p>\n","protected":false},"excerpt":{"rendered":"<p>B\u00e1lsamo Congelados, a grife de comida natural, fez parceria com o bolo da Ivone para lan\u00e7ar uma sobremesa com baixa caloria. No sabor chocolate (R$ 27,50) o bolo zero a\u00e7\u00facar de 150g \u00e9 feito com ingredientes selecionados para \u201cquem quer um doce sem culpa\u201d, frisa o chef Pedro Coe, autor de extenso card\u00e1pio, no qual os destaques s\u00e3o muitos. Como [&hellip;]<\/p>\n","protected":false},"author":54,"featured_media":9019,"comment_status":"open","ping_status":"open","sticky":false,"template":"","format":"standard","meta":{"footnotes":""},"categories":[140],"tags":[1233,1234],"class_list":["post-9018","post","type-post","status-publish","format-standard","has-post-thumbnail","hentry","category-confeitaria","tag-balsamo-congelados","tag-bolo-da-ivone"],"_links":{"self":[{"href":"https:\/\/blogs.correiobraziliense.com.br\/lianasabo\/wp-json\/wp\/v2\/posts\/9018","targetHints":{"allow":["GET"]}}],"collection":[{"href":"https:\/\/blogs.correiobraziliense.com.br\/lianasabo\/wp-json\/wp\/v2\/posts"}],"about":[{"href":"https:\/\/blogs.correiobraziliense.com.br\/lianasabo\/wp-json\/wp\/v2\/types\/post"}],"author":[{"embeddable":true,"href":"https:\/\/blogs.correiobraziliense.com.br\/lianasabo\/wp-json\/wp\/v2\/users\/54"}],"replies":[{"embeddable":true,"href":"https:\/\/blogs.correiobraziliense.com.br\/lianasabo\/wp-json\/wp\/v2\/comments?post=9018"}],"version-history":[{"count":1,"href":"https:\/\/blogs.correiobraziliense.com.br\/lianasabo\/wp-json\/wp\/v2\/posts\/9018\/revisions"}],"predecessor-version":[{"id":9021,"href":"https:\/\/blogs.correiobraziliense.com.br\/lianasabo\/wp-json\/wp\/v2\/posts\/9018\/revisions\/9021"}],"wp:featuredmedia":[{"embeddable":true,"href":"https:\/\/blogs.correiobraziliense.com.br\/lianasabo\/wp-json\/wp\/v2\/media\/9019"}],"wp:attachment":[{"href":"https:\/\/blogs.correiobraziliense.com.br\/lianasabo\/wp-json\/wp\/v2\/media?parent=9018"}],"wp:term":[{"taxonomy":"category","embeddable":true,"href":"https:\/\/blogs.correiobraziliense.com.br\/lianasabo\/wp-json\/wp\/v2\/categories?post=9018"},{"taxonomy":"post_tag","embeddable":true,"href":"https:\/\/blogs.correiobraziliense.com.br\/lianasabo\/wp-json\/wp\/v2\/tags?post=9018"}],"curies":[{"name":"wp","href":"https:\/\/api.w.org\/{rel}","templated":true}]}}