{"id":9012,"date":"2024-11-22T08:34:51","date_gmt":"2024-11-22T11:34:51","guid":{"rendered":"https:\/\/blogs.correiobraziliense.com.br\/lianasabo\/?p=9012"},"modified":"2024-11-22T08:34:51","modified_gmt":"2024-11-22T11:34:51","slug":"jantar-harmonizado-celebra-o-premio-top-100-da-vinicola-brasileira-valduga","status":"publish","type":"post","link":"https:\/\/blogs.correiobraziliense.com.br\/lianasabo\/jantar-harmonizado-celebra-o-premio-top-100-da-vinicola-brasileira-valduga\/","title":{"rendered":"Jantar harmonizado celebra o pr\u00eamio Top 100 da vin\u00edcola brasileira Valduga"},"content":{"rendered":"<p><em>Em oito etapas, o evento ser\u00e1 realizado na quinta-feira\u00a0na Trattoria da Rosario<\/em><\/p>\n<figure id=\"attachment_9014\" aria-describedby=\"caption-attachment-9014\" style=\"width: 225px\" class=\"wp-caption alignleft\"><a href=\"https:\/\/blogs.correiobraziliense.com.br\/lianasabo\/wp-content\/uploads\/sites\/25\/2024\/11\/WhatsApp-Image-2024-11-21-at-18.30.25.jpeg\"><img loading=\"lazy\" decoding=\"async\" class=\"size-medium wp-image-9014\" src=\"https:\/\/blogs.correiobraziliense.com.br\/lianasabo\/wp-content\/uploads\/sites\/25\/2024\/11\/WhatsApp-Image-2024-11-21-at-18.30.25-225x300.jpeg\" alt=\"\" width=\"225\" height=\"300\" srcset=\"https:\/\/blogs.correiobraziliense.com.br\/lianasabo\/wp-content\/uploads\/sites\/25\/2024\/11\/WhatsApp-Image-2024-11-21-at-18.30.25-225x300.jpeg 225w, https:\/\/blogs.correiobraziliense.com.br\/lianasabo\/wp-content\/uploads\/sites\/25\/2024\/11\/WhatsApp-Image-2024-11-21-at-18.30.25.jpeg 768w, https:\/\/blogs.correiobraziliense.com.br\/lianasabo\/wp-content\/uploads\/sites\/25\/2024\/11\/WhatsApp-Image-2024-11-21-at-18.30.25-800x1067.jpeg 800w, https:\/\/blogs.correiobraziliense.com.br\/lianasabo\/wp-content\/uploads\/sites\/25\/2024\/11\/WhatsApp-Image-2024-11-21-at-18.30.25-550x733.jpeg 550w, https:\/\/blogs.correiobraziliense.com.br\/lianasabo\/wp-content\/uploads\/sites\/25\/2024\/11\/WhatsApp-Image-2024-11-21-at-18.30.25-230x307.jpeg 230w\" sizes=\"auto, (max-width: 225px) 100vw, 225px\" \/><\/a><figcaption id=\"caption-attachment-9014\" class=\"wp-caption-text\">Rafael Pires de S\u00e1. Cr\u00e9dito: Arquivo pessoal<\/figcaption><\/figure>\n<p>\u201cAntes de fazer duas garrafas, fa\u00e7a uma. Mas fa\u00e7a bem feito. Assim o cliente gosta e volta a comprar\u201d. Essa orienta\u00e7\u00e3o, repetida por muitos anos por Luiz Valduga para os filhos, provou que o \u201cvelho Gigio\u201d, como era conhecido na fam\u00edlia, estava certo. Luiz descende de Marco, o primeiro Valduga, nascido em Trento, que por volta de 1875 embarcou num navio rumo a Am\u00e9rica com centenas de trabalhadores italianos para escapar da fome e da pobreza no Velho Mundo.<\/p>\n<p>Na Serra Ga\u00facha, os Valduga encontraram o que n\u00e3o tinham na It\u00e1lia: terra e passaram a cultivar. Esse \u00e9 o come\u00e7o de uma bonita hist\u00f3ria na qual Luiz e Maria foram um exemplo de trabalho para os seis filhos. Tr\u00eas deles \u2013 Juarez, Jo\u00e3o e Erielso \u2013 prosperaram na vitivinicultura fundando as bases de um gigante do setor: Casa Valduga se torna a primeira vin\u00edcola do Brasil entre as 100 melhores do mundo ao conquistar a 58\u00aa posi\u00e7\u00e3o na lista World`s Best Vineyards.<\/p>\n<p>No Distrito Federal a empresa ga\u00facha \u00e9 representada pelo sommelier Rafael Pires de S\u00e1, filho de Gilvan Pires de S\u00e1, que por duas d\u00e9cadas foi \u201co homem da Valduga\u201d em Bras\u00edlia e n\u00e3o chegou a conhecer do ranking. Ele faleceu recentemente. O fato ser\u00e1 lembrado em jantar comemorativo do pr\u00eamio Top 100, comandado por Rafael e o chef Rosario Tessier, quinta -feira na Trattoria da Rosario, com oito etapas por R$ 248.<\/p>\n<div id='gallery-1' class='gallery galleryid-9012 gallery-columns-3 gallery-size-thumbnail'><figure class='gallery-item'>\n\t\t\t<div class='gallery-icon portrait'>\n\t\t\t\t<a href='https:\/\/blogs.correiobraziliense.com.br\/lianasabo\/jantar-harmonizado-celebra-o-premio-top-100-da-vinicola-brasileira-valduga\/whatsapp-image-2024-11-21-at-18-32-53\/'><img loading=\"lazy\" decoding=\"async\" width=\"150\" height=\"150\" src=\"https:\/\/blogs.correiobraziliense.com.br\/lianasabo\/wp-content\/uploads\/sites\/25\/2024\/11\/WhatsApp-Image-2024-11-21-at-18.32.53-150x150.jpeg\" class=\"attachment-thumbnail size-thumbnail\" alt=\"\" \/><\/a>\n\t\t\t<\/div><\/figure><figure class='gallery-item'>\n\t\t\t<div class='gallery-icon portrait'>\n\t\t\t\t<a href='https:\/\/blogs.correiobraziliense.com.br\/lianasabo\/jantar-harmonizado-celebra-o-premio-top-100-da-vinicola-brasileira-valduga\/whatsapp-image-2024-11-21-at-18-31-31\/'><img loading=\"lazy\" decoding=\"async\" width=\"150\" height=\"150\" src=\"https:\/\/blogs.correiobraziliense.com.br\/lianasabo\/wp-content\/uploads\/sites\/25\/2024\/11\/WhatsApp-Image-2024-11-21-at-18.31.31-150x150.jpeg\" class=\"attachment-thumbnail size-thumbnail\" alt=\"\" \/><\/a>\n\t\t\t<\/div><\/figure>\n\t\t<\/div>\n\n","protected":false},"excerpt":{"rendered":"<p>Em oito etapas, o evento ser\u00e1 realizado na quinta-feira\u00a0na Trattoria da Rosario<\/p>\n","protected":false},"author":54,"featured_media":9013,"comment_status":"open","ping_status":"open","sticky":false,"template":"","format":"standard","meta":{"footnotes":""},"categories":[222],"tags":[607,1232,786],"class_list":["post-9012","post","type-post","status-publish","format-standard","has-post-thumbnail","hentry","category-vinhos","tag-jantar-harmonizado","tag-valduga","tag-vinicola"],"_links":{"self":[{"href":"https:\/\/blogs.correiobraziliense.com.br\/lianasabo\/wp-json\/wp\/v2\/posts\/9012","targetHints":{"allow":["GET"]}}],"collection":[{"href":"https:\/\/blogs.correiobraziliense.com.br\/lianasabo\/wp-json\/wp\/v2\/posts"}],"about":[{"href":"https:\/\/blogs.correiobraziliense.com.br\/lianasabo\/wp-json\/wp\/v2\/types\/post"}],"author":[{"embeddable":true,"href":"https:\/\/blogs.correiobraziliense.com.br\/lianasabo\/wp-json\/wp\/v2\/users\/54"}],"replies":[{"embeddable":true,"href":"https:\/\/blogs.correiobraziliense.com.br\/lianasabo\/wp-json\/wp\/v2\/comments?post=9012"}],"version-history":[{"count":1,"href":"https:\/\/blogs.correiobraziliense.com.br\/lianasabo\/wp-json\/wp\/v2\/posts\/9012\/revisions"}],"predecessor-version":[{"id":9017,"href":"https:\/\/blogs.correiobraziliense.com.br\/lianasabo\/wp-json\/wp\/v2\/posts\/9012\/revisions\/9017"}],"wp:featuredmedia":[{"embeddable":true,"href":"https:\/\/blogs.correiobraziliense.com.br\/lianasabo\/wp-json\/wp\/v2\/media\/9013"}],"wp:attachment":[{"href":"https:\/\/blogs.correiobraziliense.com.br\/lianasabo\/wp-json\/wp\/v2\/media?parent=9012"}],"wp:term":[{"taxonomy":"category","embeddable":true,"href":"https:\/\/blogs.correiobraziliense.com.br\/lianasabo\/wp-json\/wp\/v2\/categories?post=9012"},{"taxonomy":"post_tag","embeddable":true,"href":"https:\/\/blogs.correiobraziliense.com.br\/lianasabo\/wp-json\/wp\/v2\/tags?post=9012"}],"curies":[{"name":"wp","href":"https:\/\/api.w.org\/{rel}","templated":true}]}}