{"id":9009,"date":"2024-11-22T08:28:25","date_gmt":"2024-11-22T11:28:25","guid":{"rendered":"https:\/\/blogs.correiobraziliense.com.br\/lianasabo\/?p=9009"},"modified":"2024-11-22T10:04:51","modified_gmt":"2024-11-22T13:04:51","slug":"ranking-dos-50-melhores-restaurantes-da-america-latina-2024-sera-revelado-na-terca-feira-26","status":"publish","type":"post","link":"https:\/\/blogs.correiobraziliense.com.br\/lianasabo\/ranking-dos-50-melhores-restaurantes-da-america-latina-2024-sera-revelado-na-terca-feira-26\/","title":{"rendered":"Ranking dos 50 Melhores Restaurantes da Am\u00e9rica Latina 2024 ser\u00e1 revelado na ter\u00e7a-feira (26)"},"content":{"rendered":"<p><em>J\u00e1 a lista entre a 51\u00aa e a 100\u00aa posi\u00e7\u00e3o j\u00e1 foi revelada e conta com sete chefs que atuam no Brasil premiados<\/em><\/p>\n<p>Pela segunda vez consecutiva o Rio de Janeiro vai sediar a mais importante premia\u00e7\u00e3o da gastronomia latina no continente americano. Ao contr\u00e1rio do ano passado que foi no Copacabana Palace, este ano o palco escolhido \u00e9 o ic\u00f4nico Museu Hist\u00f3rico Nacional, onde uma b\u00falgara, filha de pai palestino e m\u00e3e peruana e ex-chef do aclamado restaurante Gustu, em La Paz, Marsia Taha Mohamed receber\u00e1 ter\u00e7a-feira, 26, o t\u00edtulo de melhor chef mulher da Am\u00e9rica Latina, conferido pelo ranking 50 Melhores Restaurantes da Am\u00e9rica Latina 2024. Ano passado levou o t\u00edtulo a brasileira Jana\u00edna Rueda, de A Casa do Porco de S\u00e3o Paulo.<\/p>\n<p>Focada na abertura de restaurante pr\u00f3prio que promete inaugurar em breve \u2013 o Arami (peda\u00e7o do para\u00edso, na l\u00edngua guarani), Marsia se destaca em promover a compreens\u00e3o e a preserva\u00e7\u00e3o da tradi\u00e7\u00e3o culin\u00e1ria da Bol\u00edvia, o que a levou a fundar com um grupo de cozinheiros a ong Sabores Silvestres. H\u00e1 dois anos, a chef esteve em Bras\u00edlia pilotando no Aquavit degusta\u00e7\u00e3o de pratos andinos.<\/p>\n<p><strong>Sete premiados<\/strong><\/p>\n<p>A lista dos 50 melhores restaurantes da regi\u00e3o, como \u00e9 praxe, s\u00f3 ser\u00e1 revelada na ocasi\u00e3o, quando forem chamados os chefs respons\u00e1veis para receber o trof\u00e9u, da\u00ed a enorme expectativa que cerca o pr\u00eamio. J\u00e1 a lista dos restaurantes ranqueados entre a 51\u00aa e a 100\u00aa posi\u00e7\u00e3o anunciada antecipadamente contempla sete brasileiros.<\/p>\n<figure id=\"attachment_9026\" aria-describedby=\"caption-attachment-9026\" style=\"width: 799px\" class=\"wp-caption aligncenter\"><a href=\"https:\/\/blogs.correiobraziliense.com.br\/lianasabo\/wp-content\/uploads\/sites\/25\/2024\/11\/chefs-brasileiros.jpg\"><img loading=\"lazy\" decoding=\"async\" class=\"size-full wp-image-9026\" src=\"https:\/\/blogs.correiobraziliense.com.br\/lianasabo\/wp-content\/uploads\/sites\/25\/2024\/11\/chefs-brasileiros.jpg\" alt=\"\" width=\"799\" height=\"401\" srcset=\"https:\/\/blogs.correiobraziliense.com.br\/lianasabo\/wp-content\/uploads\/sites\/25\/2024\/11\/chefs-brasileiros.jpg 799w, https:\/\/blogs.correiobraziliense.com.br\/lianasabo\/wp-content\/uploads\/sites\/25\/2024\/11\/chefs-brasileiros-300x151.jpg 300w, https:\/\/blogs.correiobraziliense.com.br\/lianasabo\/wp-content\/uploads\/sites\/25\/2024\/11\/chefs-brasileiros-768x385.jpg 768w, https:\/\/blogs.correiobraziliense.com.br\/lianasabo\/wp-content\/uploads\/sites\/25\/2024\/11\/chefs-brasileiros-550x276.jpg 550w, https:\/\/blogs.correiobraziliense.com.br\/lianasabo\/wp-content\/uploads\/sites\/25\/2024\/11\/chefs-brasileiros-230x115.jpg 230w\" sizes=\"auto, (max-width: 799px) 100vw, 799px\" \/><\/a><figcaption id=\"caption-attachment-9026\" class=\"wp-caption-text\">Chefs Manu Buffara, Alex Atala e Rodrigo Oliveira<\/figcaption><\/figure>\n<p>No 60\u00ba lugar ficou o Manu, restaurante de Manuela Buffara em Curitiba; no 67\u00ba o D.O.M. de Alex Atala. O Ristorante Cipriani, no Copacabana Palace comandado por Nello Cassese, ficou em 77\u00ba, enquanto Noti\u00ea e Mocot\u00f3, de S\u00e3o Paulo ocupam este ano a 85\u00aa e 87\u00aa posi\u00e7\u00f5es respectivamente. O surpreendente Restaurante Manga, de Salvador, estreia no ranking no 90\u00ba lugar e o Oro, do Rio de Janeiro, liderado pelo chef Felipe Bronze \u00e9 o 91\u00ba da lista.<\/p>\n<p>Tendo como principal patrocinador a \u00e1gua engarrafada S. Pellegrino &amp; Acqua Panna, o pr\u00eamio lan\u00e7ado em 2013 para celebrar a gastronomia da regi\u00e3o \u00e9 o resultado da escolha cuidadosa de um j\u00fari de 300 membros selecionados em fun\u00e7\u00e3o de sua opini\u00e3o especializada sobre o panorama gastron\u00f4mico na Am\u00e9rica Latina. A premia\u00e7\u00e3o dos 50 primeiros ser\u00e1 transmitida ao vivo ter\u00e7a-feira no canal do You Tube e na p\u00e1gina do Facebook do 50 Best.<\/p>\n<p><a href=\"https:\/\/blogs.correiobraziliense.com.br\/lianasabo\/wp-content\/uploads\/sites\/25\/2024\/11\/LATAM50BR2024_results_1920x1080_51-100_NSA-1.jpg\"><img loading=\"lazy\" decoding=\"async\" class=\"aligncenter size-large wp-image-9010\" src=\"https:\/\/blogs.correiobraziliense.com.br\/lianasabo\/wp-content\/uploads\/sites\/25\/2024\/11\/LATAM50BR2024_results_1920x1080_51-100_NSA-1-1024x576.jpg\" alt=\"\" width=\"1024\" height=\"576\" srcset=\"https:\/\/blogs.correiobraziliense.com.br\/lianasabo\/wp-content\/uploads\/sites\/25\/2024\/11\/LATAM50BR2024_results_1920x1080_51-100_NSA-1-1024x576.jpg 1024w, https:\/\/blogs.correiobraziliense.com.br\/lianasabo\/wp-content\/uploads\/sites\/25\/2024\/11\/LATAM50BR2024_results_1920x1080_51-100_NSA-1-300x169.jpg 300w, https:\/\/blogs.correiobraziliense.com.br\/lianasabo\/wp-content\/uploads\/sites\/25\/2024\/11\/LATAM50BR2024_results_1920x1080_51-100_NSA-1-768x432.jpg 768w, https:\/\/blogs.correiobraziliense.com.br\/lianasabo\/wp-content\/uploads\/sites\/25\/2024\/11\/LATAM50BR2024_results_1920x1080_51-100_NSA-1.jpg 1440w, https:\/\/blogs.correiobraziliense.com.br\/lianasabo\/wp-content\/uploads\/sites\/25\/2024\/11\/LATAM50BR2024_results_1920x1080_51-100_NSA-1-800x450.jpg 800w, https:\/\/blogs.correiobraziliense.com.br\/lianasabo\/wp-content\/uploads\/sites\/25\/2024\/11\/LATAM50BR2024_results_1920x1080_51-100_NSA-1-550x309.jpg 550w, https:\/\/blogs.correiobraziliense.com.br\/lianasabo\/wp-content\/uploads\/sites\/25\/2024\/11\/LATAM50BR2024_results_1920x1080_51-100_NSA-1-230x129.jpg 230w\" sizes=\"auto, (max-width: 1024px) 100vw, 1024px\" \/><\/a><\/p>\n","protected":false},"excerpt":{"rendered":"<p>J\u00e1 a lista entre a 51\u00aa e a 100\u00aa posi\u00e7\u00e3o j\u00e1 foi revelada e conta com sete brasileiros<\/p>\n","protected":false},"author":54,"featured_media":6092,"comment_status":"open","ping_status":"open","sticky":false,"template":"","format":"standard","meta":{"footnotes":""},"categories":[754],"tags":[1231,142],"class_list":["post-9009","post","type-post","status-publish","format-standard","has-post-thumbnail","hentry","category-premio","tag-50-melhores-restaurantes-da-america-latina-2024","tag-rio-de-janeiro"],"_links":{"self":[{"href":"https:\/\/blogs.correiobraziliense.com.br\/lianasabo\/wp-json\/wp\/v2\/posts\/9009","targetHints":{"allow":["GET"]}}],"collection":[{"href":"https:\/\/blogs.correiobraziliense.com.br\/lianasabo\/wp-json\/wp\/v2\/posts"}],"about":[{"href":"https:\/\/blogs.correiobraziliense.com.br\/lianasabo\/wp-json\/wp\/v2\/types\/post"}],"author":[{"embeddable":true,"href":"https:\/\/blogs.correiobraziliense.com.br\/lianasabo\/wp-json\/wp\/v2\/users\/54"}],"replies":[{"embeddable":true,"href":"https:\/\/blogs.correiobraziliense.com.br\/lianasabo\/wp-json\/wp\/v2\/comments?post=9009"}],"version-history":[{"count":4,"href":"https:\/\/blogs.correiobraziliense.com.br\/lianasabo\/wp-json\/wp\/v2\/posts\/9009\/revisions"}],"predecessor-version":[{"id":9029,"href":"https:\/\/blogs.correiobraziliense.com.br\/lianasabo\/wp-json\/wp\/v2\/posts\/9009\/revisions\/9029"}],"wp:featuredmedia":[{"embeddable":true,"href":"https:\/\/blogs.correiobraziliense.com.br\/lianasabo\/wp-json\/wp\/v2\/media\/6092"}],"wp:attachment":[{"href":"https:\/\/blogs.correiobraziliense.com.br\/lianasabo\/wp-json\/wp\/v2\/media?parent=9009"}],"wp:term":[{"taxonomy":"category","embeddable":true,"href":"https:\/\/blogs.correiobraziliense.com.br\/lianasabo\/wp-json\/wp\/v2\/categories?post=9009"},{"taxonomy":"post_tag","embeddable":true,"href":"https:\/\/blogs.correiobraziliense.com.br\/lianasabo\/wp-json\/wp\/v2\/tags?post=9009"}],"curies":[{"name":"wp","href":"https:\/\/api.w.org\/{rel}","templated":true}]}}