{"id":90,"date":"2016-07-01T08:33:06","date_gmt":"2016-07-01T11:33:06","guid":{"rendered":"https:\/\/blogs.correiobraziliense.com.br\/lianasabo\/?p=90"},"modified":"2016-07-01T11:30:43","modified_gmt":"2016-07-01T14:30:43","slug":"o-bom-uisque","status":"publish","type":"post","link":"https:\/\/blogs.correiobraziliense.com.br\/lianasabo\/o-bom-uisque\/","title":{"rendered":"O bom u\u00edsque"},"content":{"rendered":"<p style=\"margin-bottom: .0001pt\"><span style=\"font-size: 10.0pt;font-family: 'Arial','sans-serif'\">Em que pese o fato de Recife registrar o maior consumo per capita de u\u00edsque do mundo, o \u00edndice de consumo no Brasil ainda \u00e9 baix\u00edssimo se comparado com os grandes consumidores. Na capital pernambucana, o uso da bebida \u00e9 sinal de status e l\u00e1, bebe-se u\u00edsque at\u00e9 na praia&#8230; com \u00e1gua de coco.<\/span><\/p>\n<p style=\"margin-bottom: .0001pt\"><span style=\"font-size: 10.0pt;font-family: 'Arial','sans-serif'\">Na Am\u00e9rica Latina, o Brasil \u00e9 um dos lugares onde h\u00e1 grande potencial para crescer, da\u00ed o interesse da ind\u00fastria em conquistar o mercado. Exemplo disso \u00e9 a visita a Bras\u00edlia do embaixador da Chivas Regal, Eduardo Rotella (<b>foto<\/b>), que estar\u00e1 presente no jantar especial que o restaurante Rubaiyat promove quinta-feira em parceria com a marca escocesa.<\/span><\/p>\n<p style=\"margin-bottom: .0001pt\"><span style=\"font-size: 10.0pt;font-family: 'Arial','sans-serif'\">O jantar come\u00e7a com steak tartar com sorbet de Chivas 18 anos \u2014 um blend que acompanhar\u00e1 todos os demais pratos. A\u00ed voc\u00ea poder\u00e1 escolher entre codorna ao molho de u\u00edsque com couve e cebola glaceadas ou contrafil\u00e9 Brangus com pur\u00ea de batata ao molho de u\u00edsque e cacau. Na sobremesa, uma interpreta\u00e7\u00e3o do whisky sour passion com creme de maracuj\u00e1 e sorb\u00ea de u\u00edsque. Sai por R$ 135. Telefone: 3443-5000. <\/span><\/p>\n<p style=\"margin-bottom: .0001pt\"><span style=\"font-size: 10.0pt;font-family: 'Arial','sans-serif'\">\u00a0<\/span><\/p>\n","protected":false},"excerpt":{"rendered":"<p>Em que pese o fato de Recife registrar o maior consumo per capita de u\u00edsque do mundo, o \u00edndice de consumo no Brasil ainda \u00e9 baix\u00edssimo se comparado com os grandes consumidores. Na capital pernambucana, o uso da bebida \u00e9 sinal de status e l\u00e1, bebe-se u\u00edsque at\u00e9 na praia&#8230; com \u00e1gua de coco. Na Am\u00e9rica Latina, o Brasil \u00e9 [&hellip;]<\/p>\n","protected":false},"author":54,"featured_media":91,"comment_status":"open","ping_status":"open","sticky":false,"template":"","format":"standard","meta":{"footnotes":""},"categories":[1],"tags":[],"class_list":["post-90","post","type-post","status-publish","format-standard","has-post-thumbnail","hentry","category-sem-categoria"],"_links":{"self":[{"href":"https:\/\/blogs.correiobraziliense.com.br\/lianasabo\/wp-json\/wp\/v2\/posts\/90","targetHints":{"allow":["GET"]}}],"collection":[{"href":"https:\/\/blogs.correiobraziliense.com.br\/lianasabo\/wp-json\/wp\/v2\/posts"}],"about":[{"href":"https:\/\/blogs.correiobraziliense.com.br\/lianasabo\/wp-json\/wp\/v2\/types\/post"}],"author":[{"embeddable":true,"href":"https:\/\/blogs.correiobraziliense.com.br\/lianasabo\/wp-json\/wp\/v2\/users\/54"}],"replies":[{"embeddable":true,"href":"https:\/\/blogs.correiobraziliense.com.br\/lianasabo\/wp-json\/wp\/v2\/comments?post=90"}],"version-history":[{"count":2,"href":"https:\/\/blogs.correiobraziliense.com.br\/lianasabo\/wp-json\/wp\/v2\/posts\/90\/revisions"}],"predecessor-version":[{"id":103,"href":"https:\/\/blogs.correiobraziliense.com.br\/lianasabo\/wp-json\/wp\/v2\/posts\/90\/revisions\/103"}],"wp:featuredmedia":[{"embeddable":true,"href":"https:\/\/blogs.correiobraziliense.com.br\/lianasabo\/wp-json\/wp\/v2\/media\/91"}],"wp:attachment":[{"href":"https:\/\/blogs.correiobraziliense.com.br\/lianasabo\/wp-json\/wp\/v2\/media?parent=90"}],"wp:term":[{"taxonomy":"category","embeddable":true,"href":"https:\/\/blogs.correiobraziliense.com.br\/lianasabo\/wp-json\/wp\/v2\/categories?post=90"},{"taxonomy":"post_tag","embeddable":true,"href":"https:\/\/blogs.correiobraziliense.com.br\/lianasabo\/wp-json\/wp\/v2\/tags?post=90"}],"curies":[{"name":"wp","href":"https:\/\/api.w.org\/{rel}","templated":true}]}}