{"id":8997,"date":"2024-11-15T12:43:40","date_gmt":"2024-11-15T15:43:40","guid":{"rendered":"https:\/\/blogs.correiobraziliense.com.br\/lianasabo\/?p=8997"},"modified":"2024-11-15T12:43:40","modified_gmt":"2024-11-15T15:43:40","slug":"castalia-inaugura-unidade-no-pontao","status":"publish","type":"post","link":"https:\/\/blogs.correiobraziliense.com.br\/lianasabo\/castalia-inaugura-unidade-no-pontao\/","title":{"rendered":"Cast\u00e1lia inaugura unidade no Pont\u00e3o"},"content":{"rendered":"<p><em>Essa \u00e9 a quarta unidade da marca de panifica\u00e7\u00e3o artesanal<\/em><\/p>\n<figure id=\"attachment_8999\" aria-describedby=\"caption-attachment-8999\" style=\"width: 200px\" class=\"wp-caption alignleft\"><a href=\"https:\/\/blogs.correiobraziliense.com.br\/lianasabo\/wp-content\/uploads\/sites\/25\/2024\/11\/MG_4522-2.jpg\"><img loading=\"lazy\" decoding=\"async\" class=\"size-medium wp-image-8999\" src=\"https:\/\/blogs.correiobraziliense.com.br\/lianasabo\/wp-content\/uploads\/sites\/25\/2024\/11\/MG_4522-2-200x300.jpg\" alt=\"\" width=\"200\" height=\"300\" srcset=\"https:\/\/blogs.correiobraziliense.com.br\/lianasabo\/wp-content\/uploads\/sites\/25\/2024\/11\/MG_4522-2-200x300.jpg 200w, https:\/\/blogs.correiobraziliense.com.br\/lianasabo\/wp-content\/uploads\/sites\/25\/2024\/11\/MG_4522-2-768x1152.jpg 768w, https:\/\/blogs.correiobraziliense.com.br\/lianasabo\/wp-content\/uploads\/sites\/25\/2024\/11\/MG_4522-2.jpg 683w, https:\/\/blogs.correiobraziliense.com.br\/lianasabo\/wp-content\/uploads\/sites\/25\/2024\/11\/MG_4522-2-800x1200.jpg 800w, https:\/\/blogs.correiobraziliense.com.br\/lianasabo\/wp-content\/uploads\/sites\/25\/2024\/11\/MG_4522-2-550x825.jpg 550w, https:\/\/blogs.correiobraziliense.com.br\/lianasabo\/wp-content\/uploads\/sites\/25\/2024\/11\/MG_4522-2-230x345.jpg 230w\" sizes=\"auto, (max-width: 200px) 100vw, 200px\" \/><\/a><figcaption id=\"caption-attachment-8999\" class=\"wp-caption-text\">Cast\u00e1lia<\/figcaption><\/figure>\n<p>Quentinho sa\u00eddo do forno a partir das 8 horas, como deve ser nas padarias de todos os bairros, o p\u00e3o nosso de cada dia n\u00e3o tinha no Pont\u00e3o, complexo de gastronomia e lazer erguido \u00e0s margens do Lago Sul, h\u00e1 mais de 20 anos e que conta com 10 restaurantes e seis quiosques. Nenhum, por\u00e9m, fazia p\u00e3o. Agora faz!<\/p>\n<p>No mesmo espa\u00e7o onde funcionou Same Same de comida asi\u00e1tica surgiu a Cast\u00e1lia, uma das padarias artesanais mais prestigiadas do Brasil, que abriu l\u00e1 a quarta loja por conta da parceria constru\u00edda entre os fundadores da grife e a chef-restauratrice Raquel Siqueira. \u201cNosso conhecimento vem de longa data, Pedro Galv\u00e3o e eu trabalhamos juntos nos Estados Unidos\u201d, resumiu Raquel, fundadora do Same Same, que chegou a funcionar em tr\u00eas endere\u00e7os na capital e um em Goi\u00e2nia. Agora, por\u00e9m concentrou a cozinha na 402 Sul.<\/p>\n<p>J\u00e1 a Cast\u00e1lia foi fundada em 2017 por Eduardo Tavares, que transformou sua paix\u00e3o por p\u00e3es artesanais em um neg\u00f3cio bem sucedido. Junto com seu irm\u00e3o Andr\u00e9 e seu primo Pedro, inaugurou a primeira unidade na 102 Norte. Veio para a 305 Sul e expandiu a panifica\u00e7\u00e3o para uma pizzaria na Asa Norte. Ed, como era chamado por quantos o amaram, faleceu ano passado.<\/p>\n<p><strong>Pizzaria vem junto<\/strong><\/p>\n<figure id=\"attachment_9000\" aria-describedby=\"caption-attachment-9000\" style=\"width: 200px\" class=\"wp-caption alignright\"><a href=\"https:\/\/blogs.correiobraziliense.com.br\/lianasabo\/wp-content\/uploads\/sites\/25\/2024\/11\/foto-raissa-azeredo.jpg\"><img loading=\"lazy\" decoding=\"async\" class=\"size-medium wp-image-9000\" src=\"https:\/\/blogs.correiobraziliense.com.br\/lianasabo\/wp-content\/uploads\/sites\/25\/2024\/11\/foto-raissa-azeredo-200x300.jpg\" alt=\"\" width=\"200\" height=\"300\" srcset=\"https:\/\/blogs.correiobraziliense.com.br\/lianasabo\/wp-content\/uploads\/sites\/25\/2024\/11\/foto-raissa-azeredo-200x300.jpg 200w, https:\/\/blogs.correiobraziliense.com.br\/lianasabo\/wp-content\/uploads\/sites\/25\/2024\/11\/foto-raissa-azeredo-768x1152.jpg 768w, https:\/\/blogs.correiobraziliense.com.br\/lianasabo\/wp-content\/uploads\/sites\/25\/2024\/11\/foto-raissa-azeredo.jpg 683w, https:\/\/blogs.correiobraziliense.com.br\/lianasabo\/wp-content\/uploads\/sites\/25\/2024\/11\/foto-raissa-azeredo-800x1200.jpg 800w, https:\/\/blogs.correiobraziliense.com.br\/lianasabo\/wp-content\/uploads\/sites\/25\/2024\/11\/foto-raissa-azeredo-550x825.jpg 550w, https:\/\/blogs.correiobraziliense.com.br\/lianasabo\/wp-content\/uploads\/sites\/25\/2024\/11\/foto-raissa-azeredo-230x345.jpg 230w\" sizes=\"auto, (max-width: 200px) 100vw, 200px\" \/><\/a><figcaption id=\"caption-attachment-9000\" class=\"wp-caption-text\">Cr\u00e9dito: Raissa Azeredo\/Divulga\u00e7\u00e3o<\/figcaption><\/figure>\n<p>A nova unidade \u00e9 uma mescla das experi\u00eancias tidas nas padarias e na pizzaria, \u201conde o cliente poder\u00e1 saborear todos os nossos produtos\u201d, afirma Andr\u00e9 Tavares. \u201cTrata-se de uma novidade, tanto no Pont\u00e3o quanto na cidade, um espa\u00e7o com um cen\u00e1rio deslumbrante casado com um extenso card\u00e1pio de pizzas, sandu\u00edches, caf\u00e9s, drinques, vinhos e cervejas\u201d, completa Raquel Siqueira, que assume a parceria no empreendimento junto com o s\u00f3cio Rodrigo Angelim. Os quatro contam com a expertise do chef Sergio Rafaelli.<\/p>\n<p>Feito de fermenta\u00e7\u00e3o natural, o p\u00e3o artesanal \u00e9 a primeira escolha no brunch que oferece folheados, torradas com salm\u00e3o defumado, brioche e a saud\u00e1vel rabanada francesa assada no forno. Qualquer hora do dia (at\u00e9 \u00e0s 22h) voc\u00ea poder\u00e1 montar o prato, enquanto o almo\u00e7o com parmegiana gratinada no forno a lenha \u00e9 servido das 12h \u00e0s 16h. Sandu\u00edches com massa de pizza e as pr\u00f3prias redondas circulam a partir das 16h. A casa tem bastante espa\u00e7o em seus 160 lugares. Reservas: 98111-9853.<\/p>\n","protected":false},"excerpt":{"rendered":"<p>Essa \u00e9 a quarta unidade da marca de panifica\u00e7\u00e3o artesanal<\/p>\n","protected":false},"author":54,"featured_media":8998,"comment_status":"open","ping_status":"open","sticky":false,"template":"","format":"standard","meta":{"footnotes":""},"categories":[209],"tags":[1227,328,1229,237,1228],"class_list":["post-8997","post","type-post","status-publish","format-standard","has-post-thumbnail","hentry","category-padarias","tag-castalia","tag-padaria","tag-panificacao","tag-pontao","tag-unidade"],"_links":{"self":[{"href":"https:\/\/blogs.correiobraziliense.com.br\/lianasabo\/wp-json\/wp\/v2\/posts\/8997","targetHints":{"allow":["GET"]}}],"collection":[{"href":"https:\/\/blogs.correiobraziliense.com.br\/lianasabo\/wp-json\/wp\/v2\/posts"}],"about":[{"href":"https:\/\/blogs.correiobraziliense.com.br\/lianasabo\/wp-json\/wp\/v2\/types\/post"}],"author":[{"embeddable":true,"href":"https:\/\/blogs.correiobraziliense.com.br\/lianasabo\/wp-json\/wp\/v2\/users\/54"}],"replies":[{"embeddable":true,"href":"https:\/\/blogs.correiobraziliense.com.br\/lianasabo\/wp-json\/wp\/v2\/comments?post=8997"}],"version-history":[{"count":1,"href":"https:\/\/blogs.correiobraziliense.com.br\/lianasabo\/wp-json\/wp\/v2\/posts\/8997\/revisions"}],"predecessor-version":[{"id":9001,"href":"https:\/\/blogs.correiobraziliense.com.br\/lianasabo\/wp-json\/wp\/v2\/posts\/8997\/revisions\/9001"}],"wp:featuredmedia":[{"embeddable":true,"href":"https:\/\/blogs.correiobraziliense.com.br\/lianasabo\/wp-json\/wp\/v2\/media\/8998"}],"wp:attachment":[{"href":"https:\/\/blogs.correiobraziliense.com.br\/lianasabo\/wp-json\/wp\/v2\/media?parent=8997"}],"wp:term":[{"taxonomy":"category","embeddable":true,"href":"https:\/\/blogs.correiobraziliense.com.br\/lianasabo\/wp-json\/wp\/v2\/categories?post=8997"},{"taxonomy":"post_tag","embeddable":true,"href":"https:\/\/blogs.correiobraziliense.com.br\/lianasabo\/wp-json\/wp\/v2\/tags?post=8997"}],"curies":[{"name":"wp","href":"https:\/\/api.w.org\/{rel}","templated":true}]}}