{"id":8991,"date":"2024-11-15T12:32:25","date_gmt":"2024-11-15T15:32:25","guid":{"rendered":"https:\/\/blogs.correiobraziliense.com.br\/lianasabo\/?p=8991"},"modified":"2024-11-15T12:46:03","modified_gmt":"2024-11-15T15:46:03","slug":"todo-domingo-tem-tambaqui-na-brasa-na-barracada-assados-do-fred","status":"publish","type":"post","link":"https:\/\/blogs.correiobraziliense.com.br\/lianasabo\/todo-domingo-tem-tambaqui-na-brasa-na-barracada-assados-do-fred\/","title":{"rendered":"Todo domingo tem tambaqui na brasa na barraca Assados do Fred"},"content":{"rendered":"<figure id=\"attachment_8993\" aria-describedby=\"caption-attachment-8993\" style=\"width: 142px\" class=\"wp-caption alignleft\"><a href=\"https:\/\/blogs.correiobraziliense.com.br\/lianasabo\/wp-content\/uploads\/sites\/25\/2024\/11\/WhatsApp-Image-2024-11-14-at-23.30.38.jpeg\"><img loading=\"lazy\" decoding=\"async\" class=\"size-medium wp-image-8993\" src=\"https:\/\/blogs.correiobraziliense.com.br\/lianasabo\/wp-content\/uploads\/sites\/25\/2024\/11\/WhatsApp-Image-2024-11-14-at-23.30.38-142x300.jpeg\" alt=\"\" width=\"142\" height=\"300\" srcset=\"https:\/\/blogs.correiobraziliense.com.br\/lianasabo\/wp-content\/uploads\/sites\/25\/2024\/11\/WhatsApp-Image-2024-11-14-at-23.30.38-142x300.jpeg 142w, https:\/\/blogs.correiobraziliense.com.br\/lianasabo\/wp-content\/uploads\/sites\/25\/2024\/11\/WhatsApp-Image-2024-11-14-at-23.30.38.jpeg 484w, https:\/\/blogs.correiobraziliense.com.br\/lianasabo\/wp-content\/uploads\/sites\/25\/2024\/11\/WhatsApp-Image-2024-11-14-at-23.30.38-550x1162.jpeg 550w, https:\/\/blogs.correiobraziliense.com.br\/lianasabo\/wp-content\/uploads\/sites\/25\/2024\/11\/WhatsApp-Image-2024-11-14-at-23.30.38-230x486.jpeg 230w\" sizes=\"auto, (max-width: 142px) 100vw, 142px\" \/><\/a><figcaption id=\"caption-attachment-8993\" class=\"wp-caption-text\">Cr\u00e9dito: Assados do Fred<\/figcaption><\/figure>\n<p>Voc\u00ea n\u00e3o precisa esperar at\u00e9 o fim do defeso a 31 de mar\u00e7o, que protege a pesca natural, para se deliciar com o saboroso tambaqui, porque ele pode vir de criat\u00f3rio com certificado de origem. \u00c9 assim que Frederico Barros recebe o peixe de rio, que depois de limpo e temperado \u00e9 assado na brasa na frente do fregu\u00eas. Inteiro sai por R$ 140 e meia banda, R$ 90 acompanhados de arroz especial. Somente aos domingos na barraca Assados do Fred, na entrada da 306 Sul, ao lado da Igreja de Cristo.<\/p>\n","protected":false},"excerpt":{"rendered":"<p>Voc\u00ea n\u00e3o precisa esperar at\u00e9 o fim do defeso a 31 de mar\u00e7o, que protege a pesca natural, para se deliciar com o saboroso tambaqui, porque ele pode vir de criat\u00f3rio com certificado de origem. \u00c9 assim que Frederico Barros recebe o peixe de rio, que depois de limpo e temperado \u00e9 assado na brasa na frente do fregu\u00eas. Inteiro [&hellip;]<\/p>\n","protected":false},"author":54,"featured_media":8992,"comment_status":"open","ping_status":"open","sticky":false,"template":"","format":"standard","meta":{"footnotes":""},"categories":[2],"tags":[1225,1061,1224],"class_list":["post-8991","post","type-post","status-publish","format-standard","has-post-thumbnail","hentry","category-receitas","tag-asados-do-fred","tag-brasa","tag-tambaqui"],"_links":{"self":[{"href":"https:\/\/blogs.correiobraziliense.com.br\/lianasabo\/wp-json\/wp\/v2\/posts\/8991","targetHints":{"allow":["GET"]}}],"collection":[{"href":"https:\/\/blogs.correiobraziliense.com.br\/lianasabo\/wp-json\/wp\/v2\/posts"}],"about":[{"href":"https:\/\/blogs.correiobraziliense.com.br\/lianasabo\/wp-json\/wp\/v2\/types\/post"}],"author":[{"embeddable":true,"href":"https:\/\/blogs.correiobraziliense.com.br\/lianasabo\/wp-json\/wp\/v2\/users\/54"}],"replies":[{"embeddable":true,"href":"https:\/\/blogs.correiobraziliense.com.br\/lianasabo\/wp-json\/wp\/v2\/comments?post=8991"}],"version-history":[{"count":2,"href":"https:\/\/blogs.correiobraziliense.com.br\/lianasabo\/wp-json\/wp\/v2\/posts\/8991\/revisions"}],"predecessor-version":[{"id":9002,"href":"https:\/\/blogs.correiobraziliense.com.br\/lianasabo\/wp-json\/wp\/v2\/posts\/8991\/revisions\/9002"}],"wp:featuredmedia":[{"embeddable":true,"href":"https:\/\/blogs.correiobraziliense.com.br\/lianasabo\/wp-json\/wp\/v2\/media\/8992"}],"wp:attachment":[{"href":"https:\/\/blogs.correiobraziliense.com.br\/lianasabo\/wp-json\/wp\/v2\/media?parent=8991"}],"wp:term":[{"taxonomy":"category","embeddable":true,"href":"https:\/\/blogs.correiobraziliense.com.br\/lianasabo\/wp-json\/wp\/v2\/categories?post=8991"},{"taxonomy":"post_tag","embeddable":true,"href":"https:\/\/blogs.correiobraziliense.com.br\/lianasabo\/wp-json\/wp\/v2\/tags?post=8991"}],"curies":[{"name":"wp","href":"https:\/\/api.w.org\/{rel}","templated":true}]}}