{"id":8987,"date":"2024-11-15T12:29:06","date_gmt":"2024-11-15T15:29:06","guid":{"rendered":"https:\/\/blogs.correiobraziliense.com.br\/lianasabo\/?p=8987"},"modified":"2024-11-15T12:29:06","modified_gmt":"2024-11-15T15:29:06","slug":"dom-francisco-promove-jantar-harmonizado-com-vinhos-do-sul","status":"publish","type":"post","link":"https:\/\/blogs.correiobraziliense.com.br\/lianasabo\/dom-francisco-promove-jantar-harmonizado-com-vinhos-do-sul\/","title":{"rendered":"Dom Francisco promove jantar harmonizado com vinhos do Sul"},"content":{"rendered":"<p><em>Evento contar\u00e1 com r\u00f3tulos da vin\u00edcola brasileira Monte Reale<\/em><\/p>\n<p>Pela primeira vez chegam \u00e0 mesa do Dom Francisco da Asbac os vinhos da vin\u00edcola ga\u00facha Monte Reale para um jantar de degusta\u00e7\u00e3o, quarta-feira, 20, comandado pelo en\u00f3logo Giovani Giotto, que assina os r\u00f3tulos.<\/p>\n<p>Come\u00e7a pelo Sospirolo Nature escoltando bacalhau mantecato e batata rosti, segue risoto de pato harmonizado com Valdemiz Reserva Arinarnoa e chega ao medalh\u00e3o em crosta de cogumelos yanomami, aligot de mandioca com queijo meia cura acompanhado duplamente pelo Gran Terroir Ancelotta e Gran Terroir Alicante Bouschet.<\/p>\n<p>De sobremesa, Valdemiz Moscatel com musse, mascarpone e p\u00eara assada ao mel, tudo por R$ 210. Estar\u00e1 presente Fernando Boeno, diretor comercial da vin\u00edcola fundada em 1973 por Valdecir Mioranza, descendente de imigrantes que vieram de Sospiro, nos Alpes italianos.<\/p>\n<p>Fincada na Serra Ga\u00facha, a cantina foi constru\u00edda com as rochas do local no intuito de manter baixa a temperatura em seu interior favorecendo o amadurecimento de vinhos, que podem ser finos, de mesa e sucos de uva distribu\u00eddos em Bras\u00edlia pela Vinhos SA. Reservas: 3226-2005.<\/p>\n<p><a href=\"https:\/\/blogs.correiobraziliense.com.br\/lianasabo\/wp-content\/uploads\/sites\/25\/2024\/11\/Card.jpeg\"><img loading=\"lazy\" decoding=\"async\" class=\"aligncenter size-large wp-image-8989\" src=\"https:\/\/blogs.correiobraziliense.com.br\/lianasabo\/wp-content\/uploads\/sites\/25\/2024\/11\/Card-576x1024.jpeg\" alt=\"\" width=\"576\" height=\"1024\" srcset=\"https:\/\/blogs.correiobraziliense.com.br\/lianasabo\/wp-content\/uploads\/sites\/25\/2024\/11\/Card.jpeg 576w, https:\/\/blogs.correiobraziliense.com.br\/lianasabo\/wp-content\/uploads\/sites\/25\/2024\/11\/Card-169x300.jpeg 169w, https:\/\/blogs.correiobraziliense.com.br\/lianasabo\/wp-content\/uploads\/sites\/25\/2024\/11\/Card-768x1365.jpeg 768w, https:\/\/blogs.correiobraziliense.com.br\/lianasabo\/wp-content\/uploads\/sites\/25\/2024\/11\/Card-800x1422.jpeg 800w, https:\/\/blogs.correiobraziliense.com.br\/lianasabo\/wp-content\/uploads\/sites\/25\/2024\/11\/Card-550x978.jpeg 550w, https:\/\/blogs.correiobraziliense.com.br\/lianasabo\/wp-content\/uploads\/sites\/25\/2024\/11\/Card-230x409.jpeg 230w\" sizes=\"auto, (max-width: 576px) 100vw, 576px\" \/><\/a><\/p>\n","protected":false},"excerpt":{"rendered":"<p>Evento contar\u00e1 com r\u00f3tulos da vin\u00edcola brasileira Monte Reale<\/p>\n","protected":false},"author":54,"featured_media":8988,"comment_status":"open","ping_status":"open","sticky":false,"template":"","format":"standard","meta":{"footnotes":""},"categories":[222],"tags":[1223,480,607,425],"class_list":["post-8987","post","type-post","status-publish","format-standard","has-post-thumbnail","hentry","category-vinhos","tag-asbaca","tag-dom-francisco","tag-jantar-harmonizado","tag-vinhos"],"_links":{"self":[{"href":"https:\/\/blogs.correiobraziliense.com.br\/lianasabo\/wp-json\/wp\/v2\/posts\/8987","targetHints":{"allow":["GET"]}}],"collection":[{"href":"https:\/\/blogs.correiobraziliense.com.br\/lianasabo\/wp-json\/wp\/v2\/posts"}],"about":[{"href":"https:\/\/blogs.correiobraziliense.com.br\/lianasabo\/wp-json\/wp\/v2\/types\/post"}],"author":[{"embeddable":true,"href":"https:\/\/blogs.correiobraziliense.com.br\/lianasabo\/wp-json\/wp\/v2\/users\/54"}],"replies":[{"embeddable":true,"href":"https:\/\/blogs.correiobraziliense.com.br\/lianasabo\/wp-json\/wp\/v2\/comments?post=8987"}],"version-history":[{"count":1,"href":"https:\/\/blogs.correiobraziliense.com.br\/lianasabo\/wp-json\/wp\/v2\/posts\/8987\/revisions"}],"predecessor-version":[{"id":8990,"href":"https:\/\/blogs.correiobraziliense.com.br\/lianasabo\/wp-json\/wp\/v2\/posts\/8987\/revisions\/8990"}],"wp:featuredmedia":[{"embeddable":true,"href":"https:\/\/blogs.correiobraziliense.com.br\/lianasabo\/wp-json\/wp\/v2\/media\/8988"}],"wp:attachment":[{"href":"https:\/\/blogs.correiobraziliense.com.br\/lianasabo\/wp-json\/wp\/v2\/media?parent=8987"}],"wp:term":[{"taxonomy":"category","embeddable":true,"href":"https:\/\/blogs.correiobraziliense.com.br\/lianasabo\/wp-json\/wp\/v2\/categories?post=8987"},{"taxonomy":"post_tag","embeddable":true,"href":"https:\/\/blogs.correiobraziliense.com.br\/lianasabo\/wp-json\/wp\/v2\/tags?post=8987"}],"curies":[{"name":"wp","href":"https:\/\/api.w.org\/{rel}","templated":true}]}}