{"id":8984,"date":"2024-11-14T19:15:32","date_gmt":"2024-11-14T22:15:32","guid":{"rendered":"https:\/\/blogs.correiobraziliense.com.br\/lianasabo\/?p=8984"},"modified":"2024-11-14T19:15:32","modified_gmt":"2024-11-14T22:15:32","slug":"brasiliense-esta-entre-os-vencedores-do-premio-artesanal-de-cerveja","status":"publish","type":"post","link":"https:\/\/blogs.correiobraziliense.com.br\/lianasabo\/brasiliense-esta-entre-os-vencedores-do-premio-artesanal-de-cerveja\/","title":{"rendered":"Brasiliense est\u00e1 entre os vencedores do Pr\u00eamio Artesanal de Cerveja"},"content":{"rendered":"<p><em>A cerveja Seja Minha Luz, de T\u00e1cio Montes, foi a quinta colocada na categoria Ale<\/em><\/p>\n<p>A Confedera\u00e7\u00e3o da Agricultura e Pecu\u00e1ria do Brasil anunciou, nesta semana, em uma cerim\u00f4nia na sede da entidade, as vencedoras do Pr\u00eamio CNA Brasil Artesanal 2024 de cerveja. O concurso premiou dez marcas de cervejas em duas categorias: Ale (alta fermenta\u00e7\u00e3o) e Lager (baixa fermenta\u00e7\u00e3o).<\/p>\n<p>Entre os destaques a cerveja brasiliense Seja Minha Luz, de T\u00e1cio Montes, que ficou com a quinta coloca\u00e7\u00e3o na categoria Ale. O grande vencedor foi o produtor Jos\u00e9 Macedo, com a cerveja Aratinga Fruit Beer, do munic\u00edpio de Ribeira do Pombal, na Bahia. J\u00e1 o vencedor da categoria Lager foi o produtor Alexandre Lewis Xerxenevsky, com a cerveja Galo Velho Cold IPA, de S\u00e3o Paulo.<\/p>\n<p>Os cinco primeiros colocados do concurso, nas duas categorias, receberam certificados e pr\u00eamios em dinheiro. Os tr\u00eas primeiros vencedores de cada categoria tamb\u00e9m receberam trof\u00e9us e um Selo de Participa\u00e7\u00e3o (Ouro, Prata ou Bronze, conforme a classifica\u00e7\u00e3o) do Pr\u00eamio CNA Brasil Artesanal 2024 \u2013 Cerveja.<\/p>\n<p>A premia\u00e7\u00e3o \u00e9 uma iniciativa do Programa Nacional de Alimentos Artesanais e Tradicionais da CNA para valorizar os pequenos e m\u00e9dios produtores rurais, com foco na profissionaliza\u00e7\u00e3o da atividade e na agrega\u00e7\u00e3o de valor dos alimentos que produzem.<\/p>\n<p>Esta edi\u00e7\u00e3o do concurso foi realizada pela CNA em parceria com o Sebrae, Associa\u00e7\u00e3o Brasileira da Cerveja Artesanal (Abracerva), Sindicato Nacional da Ind\u00fastria da Cerveja (Sindicerv) e Papo de Somm\u00e8liere.<\/p>\n<p><strong>Confira os vencedores<\/strong><\/p>\n<p><strong>ALE<\/strong><br \/>\n1\u00ba Jos\u00e9 Macedo &#8211; Aratinga Fruit Beer (Ribeira do Pombal, BA)<br \/>\n2\u00ba Ricardo Lima &#8211; Aurora Goiaba Sour (Guarapuava, PR)<br \/>\n3\u00ba Silmara Andreatti &#8211; Weiss (Igrejinha, RS)<br \/>\n4\u00ba Paulo Dapper &#8211; Barley Wine (Novo Hamburgo, RS)<br \/>\n5\u00ba T\u00e1cio Montes &#8211; Seja Minha Luz (Bras\u00edlia, DF)<\/p>\n<p><strong>LAGER<\/strong><br \/>\n1\u00ba Alexandre Xerxenevsky &#8211; Galo Velho Cold IPA (S\u00e3o Paulo, SP)<br \/>\n2\u00ba Jos\u00e9 Marcos &#8211; Vemaguet 67 (Campos do Jord\u00e3o, SP)<br \/>\n3\u00ba Silmara Ritter &#8211; Export (Igrejinha, RS)<br \/>\n4\u00ba Raphael Vieira &#8211; Chope Puro Malte Pilsen (Ub\u00e1, MG)<br \/>\n5\u00ba Patr\u00edcia Merc\u00eas &#8211; Colombina Cold Brew Lager (Aparecida de Goi\u00e2nia, GO)<\/p>\n","protected":false},"excerpt":{"rendered":"<p>A cerveja Seja Minha Luz, de T\u00e1cio Montes, foi a quinta colocada na categoria Ale<\/p>\n","protected":false},"author":54,"featured_media":8985,"comment_status":"open","ping_status":"open","sticky":false,"template":"","format":"standard","meta":{"footnotes":""},"categories":[1],"tags":[88,570,755],"class_list":["post-8984","post","type-post","status-publish","format-standard","has-post-thumbnail","hentry","category-sem-categoria","tag-bebida","tag-cerveja","tag-premiacao"],"_links":{"self":[{"href":"https:\/\/blogs.correiobraziliense.com.br\/lianasabo\/wp-json\/wp\/v2\/posts\/8984","targetHints":{"allow":["GET"]}}],"collection":[{"href":"https:\/\/blogs.correiobraziliense.com.br\/lianasabo\/wp-json\/wp\/v2\/posts"}],"about":[{"href":"https:\/\/blogs.correiobraziliense.com.br\/lianasabo\/wp-json\/wp\/v2\/types\/post"}],"author":[{"embeddable":true,"href":"https:\/\/blogs.correiobraziliense.com.br\/lianasabo\/wp-json\/wp\/v2\/users\/54"}],"replies":[{"embeddable":true,"href":"https:\/\/blogs.correiobraziliense.com.br\/lianasabo\/wp-json\/wp\/v2\/comments?post=8984"}],"version-history":[{"count":1,"href":"https:\/\/blogs.correiobraziliense.com.br\/lianasabo\/wp-json\/wp\/v2\/posts\/8984\/revisions"}],"predecessor-version":[{"id":8986,"href":"https:\/\/blogs.correiobraziliense.com.br\/lianasabo\/wp-json\/wp\/v2\/posts\/8984\/revisions\/8986"}],"wp:featuredmedia":[{"embeddable":true,"href":"https:\/\/blogs.correiobraziliense.com.br\/lianasabo\/wp-json\/wp\/v2\/media\/8985"}],"wp:attachment":[{"href":"https:\/\/blogs.correiobraziliense.com.br\/lianasabo\/wp-json\/wp\/v2\/media?parent=8984"}],"wp:term":[{"taxonomy":"category","embeddable":true,"href":"https:\/\/blogs.correiobraziliense.com.br\/lianasabo\/wp-json\/wp\/v2\/categories?post=8984"},{"taxonomy":"post_tag","embeddable":true,"href":"https:\/\/blogs.correiobraziliense.com.br\/lianasabo\/wp-json\/wp\/v2\/tags?post=8984"}],"curies":[{"name":"wp","href":"https:\/\/api.w.org\/{rel}","templated":true}]}}