{"id":8973,"date":"2024-11-08T16:02:35","date_gmt":"2024-11-08T19:02:35","guid":{"rendered":"https:\/\/blogs.correiobraziliense.com.br\/lianasabo\/?p=8973"},"modified":"2024-11-08T16:03:19","modified_gmt":"2024-11-08T19:03:19","slug":"festival-vegano-chega-a-segunda-edicao-na-feira-da-garrafeira","status":"publish","type":"post","link":"https:\/\/blogs.correiobraziliense.com.br\/lianasabo\/festival-vegano-chega-a-segunda-edicao-na-feira-da-garrafeira\/","title":{"rendered":"Festival Vegano chega \u00e0 segunda edi\u00e7\u00e3o na Feira da Garrafeira"},"content":{"rendered":"<p>Produtos veganos ser\u00e3o expostos na Feira da Garrafeira deste s\u00e1bado (9\/11), das 10h \u00e0s 16h, na comercial da 215 Sul. Essa \u00e9 a segunda edi\u00e7\u00e3o do Festival Vegano, que ter\u00e1 a comercializa\u00e7\u00e3o de biscoitos, antepastos, kombuchas, bolinhos, especiarias, p\u00e3es, caf\u00e9s, sala de frutas, sucos, chocolates, \u00e1gua de coco, geleias, molhos de pimenta, risoto, vinhos e verduras. Tamb\u00e9m far\u00e3o parte da sele\u00e7\u00e3o produtos de beleza e bem-estar, artesanatos e congelados. Al\u00e9m disso, ser\u00e1 poss\u00edvel fazer degusta\u00e7\u00f5es e antecipar as encomendas e compras de Natal. A entrada \u00e9 gratuita.<\/p>\n<p><a href=\"https:\/\/blogs.correiobraziliense.com.br\/lianasabo\/wp-content\/uploads\/sites\/25\/2024\/11\/WhatsApp-Image-2024-11-08-at-09.08.24.jpeg\"><img loading=\"lazy\" decoding=\"async\" class=\"aligncenter size-large wp-image-8975\" src=\"https:\/\/blogs.correiobraziliense.com.br\/lianasabo\/wp-content\/uploads\/sites\/25\/2024\/11\/WhatsApp-Image-2024-11-08-at-09.08.24-576x1024.jpeg\" alt=\"\" width=\"576\" height=\"1024\" srcset=\"https:\/\/blogs.correiobraziliense.com.br\/lianasabo\/wp-content\/uploads\/sites\/25\/2024\/11\/WhatsApp-Image-2024-11-08-at-09.08.24.jpeg 576w, https:\/\/blogs.correiobraziliense.com.br\/lianasabo\/wp-content\/uploads\/sites\/25\/2024\/11\/WhatsApp-Image-2024-11-08-at-09.08.24-169x300.jpeg 169w, https:\/\/blogs.correiobraziliense.com.br\/lianasabo\/wp-content\/uploads\/sites\/25\/2024\/11\/WhatsApp-Image-2024-11-08-at-09.08.24-768x1365.jpeg 768w, https:\/\/blogs.correiobraziliense.com.br\/lianasabo\/wp-content\/uploads\/sites\/25\/2024\/11\/WhatsApp-Image-2024-11-08-at-09.08.24-800x1422.jpeg 800w, https:\/\/blogs.correiobraziliense.com.br\/lianasabo\/wp-content\/uploads\/sites\/25\/2024\/11\/WhatsApp-Image-2024-11-08-at-09.08.24-550x978.jpeg 550w, https:\/\/blogs.correiobraziliense.com.br\/lianasabo\/wp-content\/uploads\/sites\/25\/2024\/11\/WhatsApp-Image-2024-11-08-at-09.08.24-230x409.jpeg 230w\" sizes=\"auto, (max-width: 576px) 100vw, 576px\" \/><\/a><\/p>\n","protected":false},"excerpt":{"rendered":"<p>Produtos veganos ser\u00e3o expostos na Feira da Garrafeira deste s\u00e1bado (9\/11), das 10h \u00e0s 16h, na comercial da 215 Sul. Essa \u00e9 a segunda edi\u00e7\u00e3o do Festival Vegano, que ter\u00e1 a comercializa\u00e7\u00e3o de biscoitos, antepastos, kombuchas, bolinhos, especiarias, p\u00e3es, caf\u00e9s, sala de frutas, sucos, chocolates, \u00e1gua de coco, geleias, molhos de pimenta, risoto, vinhos e verduras. Tamb\u00e9m far\u00e3o parte da [&hellip;]<\/p>\n","protected":false},"author":54,"featured_media":8974,"comment_status":"open","ping_status":"open","sticky":false,"template":"","format":"standard","meta":{"footnotes":""},"categories":[201],"tags":[946,834],"class_list":["post-8973","post","type-post","status-publish","format-standard","has-post-thumbnail","hentry","category-festival","tag-feira-da-garrafeira","tag-festival-vegano"],"_links":{"self":[{"href":"https:\/\/blogs.correiobraziliense.com.br\/lianasabo\/wp-json\/wp\/v2\/posts\/8973","targetHints":{"allow":["GET"]}}],"collection":[{"href":"https:\/\/blogs.correiobraziliense.com.br\/lianasabo\/wp-json\/wp\/v2\/posts"}],"about":[{"href":"https:\/\/blogs.correiobraziliense.com.br\/lianasabo\/wp-json\/wp\/v2\/types\/post"}],"author":[{"embeddable":true,"href":"https:\/\/blogs.correiobraziliense.com.br\/lianasabo\/wp-json\/wp\/v2\/users\/54"}],"replies":[{"embeddable":true,"href":"https:\/\/blogs.correiobraziliense.com.br\/lianasabo\/wp-json\/wp\/v2\/comments?post=8973"}],"version-history":[{"count":1,"href":"https:\/\/blogs.correiobraziliense.com.br\/lianasabo\/wp-json\/wp\/v2\/posts\/8973\/revisions"}],"predecessor-version":[{"id":8976,"href":"https:\/\/blogs.correiobraziliense.com.br\/lianasabo\/wp-json\/wp\/v2\/posts\/8973\/revisions\/8976"}],"wp:featuredmedia":[{"embeddable":true,"href":"https:\/\/blogs.correiobraziliense.com.br\/lianasabo\/wp-json\/wp\/v2\/media\/8974"}],"wp:attachment":[{"href":"https:\/\/blogs.correiobraziliense.com.br\/lianasabo\/wp-json\/wp\/v2\/media?parent=8973"}],"wp:term":[{"taxonomy":"category","embeddable":true,"href":"https:\/\/blogs.correiobraziliense.com.br\/lianasabo\/wp-json\/wp\/v2\/categories?post=8973"},{"taxonomy":"post_tag","embeddable":true,"href":"https:\/\/blogs.correiobraziliense.com.br\/lianasabo\/wp-json\/wp\/v2\/tags?post=8973"}],"curies":[{"name":"wp","href":"https:\/\/api.w.org\/{rel}","templated":true}]}}