{"id":8956,"date":"2024-11-08T06:02:18","date_gmt":"2024-11-08T09:02:18","guid":{"rendered":"https:\/\/blogs.correiobraziliense.com.br\/lianasabo\/?p=8956"},"modified":"2024-11-07T23:56:20","modified_gmt":"2024-11-08T02:56:20","slug":"centro-de-convencoes-ulysses-guimaraes-tera-adega-com-mais-de-1-mil-garrafas","status":"publish","type":"post","link":"https:\/\/blogs.correiobraziliense.com.br\/lianasabo\/centro-de-convencoes-ulysses-guimaraes-tera-adega-com-mais-de-1-mil-garrafas\/","title":{"rendered":"Centro de Conven\u00e7\u00f5es Ulysses Guimar\u00e3es ter\u00e1 adega com mais de 1 mil garrafas"},"content":{"rendered":"<p>Bras\u00edlia teve a inaugura\u00e7\u00e3o de uma adega para cerca de 1.200 garrafas no Centro de Conven\u00e7\u00f5es Ulysses Guimar\u00e3es para atender o p\u00fablico que frequenta o espa\u00e7o no cora\u00e7\u00e3o da cidade. O monumental display pertence \u00e0 importadora Castas, que coloca o p\u00e9 em Bras\u00edlia depois de se instalar no Rio de Janeiro, Minas, Esp\u00edrito Santo e S\u00e3o Paulo. A grife nasceu em 2018 dentro do grupo carioca Rigarr de importa\u00e7\u00e3o e distribui\u00e7\u00e3o de bebidas, mas j\u00e1 se tornou independente.<\/p>\n<p>Mais de 30 produtores integram o portf\u00f3lio com destaque para as bodegas argentinas Atamisque e Humberto Cana, a chilena Siege Family Wines, a espanhola Lopez Morenas e as portuguesas Quinta de Ventozelo e Casa de Sabicos, al\u00e9m dos franceses Jean Guillot e Chateau Rieussec. A frente da Castas est\u00e1 o empres\u00e1rio Lico Machado.<\/p>\n","protected":false},"excerpt":{"rendered":"<p>Bras\u00edlia teve a inaugura\u00e7\u00e3o de uma adega para cerca de 1.200 garrafas no Centro de Conven\u00e7\u00f5es Ulysses Guimar\u00e3es para atender o p\u00fablico que frequenta o espa\u00e7o no cora\u00e7\u00e3o da cidade. O monumental display pertence \u00e0 importadora Castas, que coloca o p\u00e9 em Bras\u00edlia depois de se instalar no Rio de Janeiro, Minas, Esp\u00edrito Santo e S\u00e3o Paulo. A grife nasceu [&hellip;]<\/p>\n","protected":false},"author":54,"featured_media":8965,"comment_status":"open","ping_status":"open","sticky":false,"template":"","format":"standard","meta":{"footnotes":""},"categories":[222],"tags":[681,1220,425],"class_list":["post-8956","post","type-post","status-publish","format-standard","has-post-thumbnail","hentry","category-vinhos","tag-adega","tag-centro-de-convencoes-ulysses-guimaraes","tag-vinhos"],"_links":{"self":[{"href":"https:\/\/blogs.correiobraziliense.com.br\/lianasabo\/wp-json\/wp\/v2\/posts\/8956","targetHints":{"allow":["GET"]}}],"collection":[{"href":"https:\/\/blogs.correiobraziliense.com.br\/lianasabo\/wp-json\/wp\/v2\/posts"}],"about":[{"href":"https:\/\/blogs.correiobraziliense.com.br\/lianasabo\/wp-json\/wp\/v2\/types\/post"}],"author":[{"embeddable":true,"href":"https:\/\/blogs.correiobraziliense.com.br\/lianasabo\/wp-json\/wp\/v2\/users\/54"}],"replies":[{"embeddable":true,"href":"https:\/\/blogs.correiobraziliense.com.br\/lianasabo\/wp-json\/wp\/v2\/comments?post=8956"}],"version-history":[{"count":1,"href":"https:\/\/blogs.correiobraziliense.com.br\/lianasabo\/wp-json\/wp\/v2\/posts\/8956\/revisions"}],"predecessor-version":[{"id":8957,"href":"https:\/\/blogs.correiobraziliense.com.br\/lianasabo\/wp-json\/wp\/v2\/posts\/8956\/revisions\/8957"}],"wp:featuredmedia":[{"embeddable":true,"href":"https:\/\/blogs.correiobraziliense.com.br\/lianasabo\/wp-json\/wp\/v2\/media\/8965"}],"wp:attachment":[{"href":"https:\/\/blogs.correiobraziliense.com.br\/lianasabo\/wp-json\/wp\/v2\/media?parent=8956"}],"wp:term":[{"taxonomy":"category","embeddable":true,"href":"https:\/\/blogs.correiobraziliense.com.br\/lianasabo\/wp-json\/wp\/v2\/categories?post=8956"},{"taxonomy":"post_tag","embeddable":true,"href":"https:\/\/blogs.correiobraziliense.com.br\/lianasabo\/wp-json\/wp\/v2\/tags?post=8956"}],"curies":[{"name":"wp","href":"https:\/\/api.w.org\/{rel}","templated":true}]}}