{"id":8952,"date":"2024-11-08T06:01:35","date_gmt":"2024-11-08T09:01:35","guid":{"rendered":"https:\/\/blogs.correiobraziliense.com.br\/lianasabo\/?p=8952"},"modified":"2024-11-08T00:02:48","modified_gmt":"2024-11-08T03:02:48","slug":"mais-de-30-estabelecimentos-participam-da-estreia-do-festival-botecar","status":"publish","type":"post","link":"https:\/\/blogs.correiobraziliense.com.br\/lianasabo\/mais-de-30-estabelecimentos-participam-da-estreia-do-festival-botecar\/","title":{"rendered":"Mais de 30 estabelecimentos participam da estreia do festival Botecar"},"content":{"rendered":"<p>Bras\u00edlia ganha novo festival: o Botecar, que j\u00e1 faz sucesso em Belo Horizonte, e vem pela primeira vez trazendo a fus\u00e3o de gastronomia e m\u00fasica com o tema Sabores Musicais. Mais de 30 botecos da Asa Sul, Asa Norte, Lago Norte, \u00c1guas Claras, Guar\u00e1, Samambaia, Vicente Pires e Taguatinga participam do evento, que come\u00e7ou quarta-feira (6\/11) e vai at\u00e9 o dia 7 de dezembro.<\/p>\n<p>A ideia \u00e9 \u201cmergulhar na arte que existe em cada momento vivido em um boteco \u2013 das risadas as conversas, dos brindes aos tira gostos \u2013 Botecar \u00e9 a arte de comer, viver e compartilhar momentos que s\u00f3 se vivem numa mesa de bar\u201d, explica o mineiro Ant\u00f4nio L\u00facio Martins, curador do festival.<\/p>\n<p>Cada estabelecimento criou um prato com o qual vai concorrer e a escolha \u00e9 livre nas prote\u00ednas de carne su\u00edna, bovina, peixe e ingredientes do cerrado. Original \u00e9 a cerveja oficial do evento, cujos pre\u00e7os variam de R$ 28 a R$ 59,90, sendo R$ 45 a m\u00e9dia dos pratos. Tanto o p\u00fablico quando os jurados ir\u00e3o avaliar o sabor, o atendimento da casa, a temperatura da bebida, e o ambiente. Cada boteco disponibiliza um c\u00f3digo QR para vota\u00e7\u00e3o digital. Botecar t\u00eam apoio da Secretaria de Turismo do DF e patroc\u00ednio do Sebrae, Senac, Del Maipo, CAIXA e Governo Federal numa promo\u00e7\u00e3o da <strong>Revista Encontro<\/strong> e do <strong>Correio Braziliense<\/strong>.<\/p>\n","protected":false},"excerpt":{"rendered":"<p>Bras\u00edlia ganha novo festival: o Botecar, que j\u00e1 faz sucesso em Belo Horizonte, e vem pela primeira vez trazendo a fus\u00e3o de gastronomia e m\u00fasica com o tema Sabores Musicais. Mais de 30 botecos da Asa Sul, Asa Norte, Lago Norte, \u00c1guas Claras, Guar\u00e1, Samambaia, Vicente Pires e Taguatinga participam do evento, que come\u00e7ou quarta-feira (6\/11) e vai at\u00e9 o [&hellip;]<\/p>\n","protected":false},"author":54,"featured_media":8970,"comment_status":"open","ping_status":"open","sticky":false,"template":"","format":"standard","meta":{"footnotes":""},"categories":[201],"tags":[1219,1056,54],"class_list":["post-8952","post","type-post","status-publish","format-standard","has-post-thumbnail","hentry","category-festival","tag-botecar","tag-boteco","tag-festival"],"_links":{"self":[{"href":"https:\/\/blogs.correiobraziliense.com.br\/lianasabo\/wp-json\/wp\/v2\/posts\/8952","targetHints":{"allow":["GET"]}}],"collection":[{"href":"https:\/\/blogs.correiobraziliense.com.br\/lianasabo\/wp-json\/wp\/v2\/posts"}],"about":[{"href":"https:\/\/blogs.correiobraziliense.com.br\/lianasabo\/wp-json\/wp\/v2\/types\/post"}],"author":[{"embeddable":true,"href":"https:\/\/blogs.correiobraziliense.com.br\/lianasabo\/wp-json\/wp\/v2\/users\/54"}],"replies":[{"embeddable":true,"href":"https:\/\/blogs.correiobraziliense.com.br\/lianasabo\/wp-json\/wp\/v2\/comments?post=8952"}],"version-history":[{"count":1,"href":"https:\/\/blogs.correiobraziliense.com.br\/lianasabo\/wp-json\/wp\/v2\/posts\/8952\/revisions"}],"predecessor-version":[{"id":8953,"href":"https:\/\/blogs.correiobraziliense.com.br\/lianasabo\/wp-json\/wp\/v2\/posts\/8952\/revisions\/8953"}],"wp:featuredmedia":[{"embeddable":true,"href":"https:\/\/blogs.correiobraziliense.com.br\/lianasabo\/wp-json\/wp\/v2\/media\/8970"}],"wp:attachment":[{"href":"https:\/\/blogs.correiobraziliense.com.br\/lianasabo\/wp-json\/wp\/v2\/media?parent=8952"}],"wp:term":[{"taxonomy":"category","embeddable":true,"href":"https:\/\/blogs.correiobraziliense.com.br\/lianasabo\/wp-json\/wp\/v2\/categories?post=8952"},{"taxonomy":"post_tag","embeddable":true,"href":"https:\/\/blogs.correiobraziliense.com.br\/lianasabo\/wp-json\/wp\/v2\/tags?post=8952"}],"curies":[{"name":"wp","href":"https:\/\/api.w.org\/{rel}","templated":true}]}}