{"id":8942,"date":"2024-11-05T10:39:20","date_gmt":"2024-11-05T13:39:20","guid":{"rendered":"https:\/\/blogs.correiobraziliense.com.br\/lianasabo\/?p=8942"},"modified":"2024-11-05T10:39:20","modified_gmt":"2024-11-05T13:39:20","slug":"shopping-fara-parada-de-natal-ao-longo-do-mes-de-dezembro","status":"publish","type":"post","link":"https:\/\/blogs.correiobraziliense.com.br\/lianasabo\/shopping-fara-parada-de-natal-ao-longo-do-mes-de-dezembro\/","title":{"rendered":"Shopping far\u00e1 parada de Natal ao longo do m\u00eas de dezembro"},"content":{"rendered":"<p><em>O Taguatinga Shopping lan\u00e7ou a decora\u00e7\u00e3o natalina e anunciou a programa\u00e7\u00e3o de espet\u00e1culos para os dias 7, 14 e 21 de dezembro<\/em><\/p>\n<figure id=\"attachment_8944\" aria-describedby=\"caption-attachment-8944\" style=\"width: 200px\" class=\"wp-caption alignleft\"><a href=\"https:\/\/blogs.correiobraziliense.com.br\/lianasabo\/wp-content\/uploads\/sites\/25\/2024\/11\/unnamed-10.jpg\"><img loading=\"lazy\" decoding=\"async\" class=\"size-medium wp-image-8944\" src=\"https:\/\/blogs.correiobraziliense.com.br\/lianasabo\/wp-content\/uploads\/sites\/25\/2024\/11\/unnamed-10-200x300.jpg\" alt=\"\" width=\"200\" height=\"300\" srcset=\"https:\/\/blogs.correiobraziliense.com.br\/lianasabo\/wp-content\/uploads\/sites\/25\/2024\/11\/unnamed-10-200x300.jpg 200w, https:\/\/blogs.correiobraziliense.com.br\/lianasabo\/wp-content\/uploads\/sites\/25\/2024\/11\/unnamed-10-768x1152.jpg 768w, https:\/\/blogs.correiobraziliense.com.br\/lianasabo\/wp-content\/uploads\/sites\/25\/2024\/11\/unnamed-10.jpg 683w, https:\/\/blogs.correiobraziliense.com.br\/lianasabo\/wp-content\/uploads\/sites\/25\/2024\/11\/unnamed-10-1440x2160.jpg 1440w, https:\/\/blogs.correiobraziliense.com.br\/lianasabo\/wp-content\/uploads\/sites\/25\/2024\/11\/unnamed-10-800x1200.jpg 800w, https:\/\/blogs.correiobraziliense.com.br\/lianasabo\/wp-content\/uploads\/sites\/25\/2024\/11\/unnamed-10-550x825.jpg 550w, https:\/\/blogs.correiobraziliense.com.br\/lianasabo\/wp-content\/uploads\/sites\/25\/2024\/11\/unnamed-10-230x345.jpg 230w\" sizes=\"auto, (max-width: 200px) 100vw, 200px\" \/><\/a><figcaption id=\"caption-attachment-8944\" class=\"wp-caption-text\">Cr\u00e9dito: Taguatinga Shopping\/Divulga\u00e7\u00e3o<\/figcaption><\/figure>\n<p>Tradicionalmente, o clima natalino chega com tudo no Taguatinga Shopping. E neste ano n\u00e3o est\u00e1 sendo diferente. O mall ganhou uma decora\u00e7\u00e3o assinada pela Cipolatti banhada por um vermelho brilhoso e um verde imponente, com o brilho da pedra preciosa safira. O grande destaque est\u00e1 na Pra\u00e7a Central, onde foi instalada uma roda gigante de 8 metros de altura com seis cabines e uma grande \u00e1rvore com um gazebo imerso e interativo. A decora\u00e7\u00e3o conta com um pres\u00e9pio em tamanho real, localizado no Piso 1 (entrada virada para o Pist\u00e3o Sul), com elementos do nascimento do menino Jesus.<\/p>\n<p>Na \u00e1rea externa chama aten\u00e7\u00e3o outra grandiosa \u00e1rvore, essa com 35 metros de altura, localizada no jardim do Taguatinga Shopping. A estrutura tem 138 mil luzes de LED e mais de 86 mil metros de mangueira iluminada. O local ser\u00e1 palco para shows de luzes com in\u00fameras combina\u00e7\u00f5es de efeitos visuais diferentes. As apresenta\u00e7\u00f5es ocorrem entre os dias 3 de novembro e 4 de janeiro de 2025, das 18h \u00e0 1h, com intervalos de uma hora.<\/p>\n<p>Paralelamente \u00e0 decora\u00e7\u00e3o, o shopping preparou uma programa\u00e7\u00e3o de espet\u00e1culos. A parada de Natal ocorre nos dias 7, 14 e 21 de dezembro, \u00e0s 19h e \u00e0s 20h. Na ocasi\u00e3o, personagens natalinos far\u00e3o apresenta\u00e7\u00f5es musicais com can\u00e7\u00f5es famosas da \u00e9poca, como <em>Jingle Bell Rock<\/em>, <em>Holly Jolly Christmas<\/em>, <em>Last Christmas<\/em> e <em>Ent\u00e3o \u00e9 Natal<\/em>, na \u00e1rvore externa.<\/p>\n","protected":false},"excerpt":{"rendered":"<p>O Taguatinga Shopping lan\u00e7ou a decora\u00e7\u00e3o natalina e anunciou a programa\u00e7\u00e3o de espet\u00e1culos para os dias 7, 14 e 21 de dezembro<\/p>\n","protected":false},"author":54,"featured_media":8943,"comment_status":"open","ping_status":"open","sticky":false,"template":"","format":"standard","meta":{"footnotes":""},"categories":[1],"tags":[],"class_list":["post-8942","post","type-post","status-publish","format-standard","has-post-thumbnail","hentry","category-sem-categoria"],"_links":{"self":[{"href":"https:\/\/blogs.correiobraziliense.com.br\/lianasabo\/wp-json\/wp\/v2\/posts\/8942","targetHints":{"allow":["GET"]}}],"collection":[{"href":"https:\/\/blogs.correiobraziliense.com.br\/lianasabo\/wp-json\/wp\/v2\/posts"}],"about":[{"href":"https:\/\/blogs.correiobraziliense.com.br\/lianasabo\/wp-json\/wp\/v2\/types\/post"}],"author":[{"embeddable":true,"href":"https:\/\/blogs.correiobraziliense.com.br\/lianasabo\/wp-json\/wp\/v2\/users\/54"}],"replies":[{"embeddable":true,"href":"https:\/\/blogs.correiobraziliense.com.br\/lianasabo\/wp-json\/wp\/v2\/comments?post=8942"}],"version-history":[{"count":1,"href":"https:\/\/blogs.correiobraziliense.com.br\/lianasabo\/wp-json\/wp\/v2\/posts\/8942\/revisions"}],"predecessor-version":[{"id":8945,"href":"https:\/\/blogs.correiobraziliense.com.br\/lianasabo\/wp-json\/wp\/v2\/posts\/8942\/revisions\/8945"}],"wp:featuredmedia":[{"embeddable":true,"href":"https:\/\/blogs.correiobraziliense.com.br\/lianasabo\/wp-json\/wp\/v2\/media\/8943"}],"wp:attachment":[{"href":"https:\/\/blogs.correiobraziliense.com.br\/lianasabo\/wp-json\/wp\/v2\/media?parent=8942"}],"wp:term":[{"taxonomy":"category","embeddable":true,"href":"https:\/\/blogs.correiobraziliense.com.br\/lianasabo\/wp-json\/wp\/v2\/categories?post=8942"},{"taxonomy":"post_tag","embeddable":true,"href":"https:\/\/blogs.correiobraziliense.com.br\/lianasabo\/wp-json\/wp\/v2\/tags?post=8942"}],"curies":[{"name":"wp","href":"https:\/\/api.w.org\/{rel}","templated":true}]}}