{"id":8934,"date":"2024-11-01T06:08:19","date_gmt":"2024-11-01T09:08:19","guid":{"rendered":"https:\/\/blogs.correiobraziliense.com.br\/lianasabo\/?p=8934"},"modified":"2024-11-02T10:08:27","modified_gmt":"2024-11-02T13:08:27","slug":"restaurante-tras-os-montes-lanca-menu-com-pratos-semanais","status":"publish","type":"post","link":"https:\/\/blogs.correiobraziliense.com.br\/lianasabo\/restaurante-tras-os-montes-lanca-menu-com-pratos-semanais\/","title":{"rendered":"Restaurante Tr\u00e1s os Montes lan\u00e7a menu com pratos semanais"},"content":{"rendered":"<p><span style=\"font-weight: 400\">Agora \u00e9 certo, n\u00e3o tem erro: amantes de dobradinha, que na terrinha se chama Tripas \u00e0 Moda do Porto, podem se deliciar com a iguaria tipicamente portuguesa, toda sexta-feira, no Tr\u00e1s os Montes, restaurante da 216 Sul, que acaba de lan\u00e7ar menu semanal com uma atra\u00e7\u00e3o a cada dia.<\/span><\/p>\n<p>Hoje a combina\u00e7\u00e3o de dobradinha, feij\u00e3o branco, lingui\u00e7a e especiarias sai por R$ 79,90. Ter\u00e7a, ter\u00e1 o bacalhau nas natas, quarta, arroz de pato e quinta, arroz de tomate com quatro bolinhos de bacalhau, por R$ 69,90 cada prato. Reservas: 3245-2862.<\/p>\n","protected":false},"excerpt":{"rendered":"<p>Agora \u00e9 certo, n\u00e3o tem erro: amantes de dobradinha, que na terrinha se chama Tripas \u00e0 Moda do Porto, podem se deliciar com a iguaria tipicamente portuguesa, toda sexta-feira, no Tr\u00e1s os Montes, restaurante da 216 Sul, que acaba de lan\u00e7ar menu semanal com uma atra\u00e7\u00e3o a cada dia. Hoje a combina\u00e7\u00e3o de dobradinha, feij\u00e3o branco, lingui\u00e7a e especiarias sai [&hellip;]<\/p>\n","protected":false},"author":54,"featured_media":8935,"comment_status":"open","ping_status":"open","sticky":false,"template":"","format":"standard","meta":{"footnotes":""},"categories":[1],"tags":[1213,1214,200],"class_list":["post-8934","post","type-post","status-publish","format-standard","has-post-thumbnail","hentry","category-sem-categoria","tag-dobradinha","tag-menu-semanal","tag-tras-os-montes"],"_links":{"self":[{"href":"https:\/\/blogs.correiobraziliense.com.br\/lianasabo\/wp-json\/wp\/v2\/posts\/8934","targetHints":{"allow":["GET"]}}],"collection":[{"href":"https:\/\/blogs.correiobraziliense.com.br\/lianasabo\/wp-json\/wp\/v2\/posts"}],"about":[{"href":"https:\/\/blogs.correiobraziliense.com.br\/lianasabo\/wp-json\/wp\/v2\/types\/post"}],"author":[{"embeddable":true,"href":"https:\/\/blogs.correiobraziliense.com.br\/lianasabo\/wp-json\/wp\/v2\/users\/54"}],"replies":[{"embeddable":true,"href":"https:\/\/blogs.correiobraziliense.com.br\/lianasabo\/wp-json\/wp\/v2\/comments?post=8934"}],"version-history":[{"count":2,"href":"https:\/\/blogs.correiobraziliense.com.br\/lianasabo\/wp-json\/wp\/v2\/posts\/8934\/revisions"}],"predecessor-version":[{"id":8941,"href":"https:\/\/blogs.correiobraziliense.com.br\/lianasabo\/wp-json\/wp\/v2\/posts\/8934\/revisions\/8941"}],"wp:featuredmedia":[{"embeddable":true,"href":"https:\/\/blogs.correiobraziliense.com.br\/lianasabo\/wp-json\/wp\/v2\/media\/8935"}],"wp:attachment":[{"href":"https:\/\/blogs.correiobraziliense.com.br\/lianasabo\/wp-json\/wp\/v2\/media?parent=8934"}],"wp:term":[{"taxonomy":"category","embeddable":true,"href":"https:\/\/blogs.correiobraziliense.com.br\/lianasabo\/wp-json\/wp\/v2\/categories?post=8934"},{"taxonomy":"post_tag","embeddable":true,"href":"https:\/\/blogs.correiobraziliense.com.br\/lianasabo\/wp-json\/wp\/v2\/tags?post=8934"}],"curies":[{"name":"wp","href":"https:\/\/api.w.org\/{rel}","templated":true}]}}