{"id":8931,"date":"2024-11-01T06:16:17","date_gmt":"2024-11-01T09:16:17","guid":{"rendered":"https:\/\/blogs.correiobraziliense.com.br\/lianasabo\/?p=8931"},"modified":"2024-10-31T22:27:12","modified_gmt":"2024-11-01T01:27:12","slug":"quarteto-do-the-taste-brasil-2024-se-reune-em-eventos-gastronomicos","status":"publish","type":"post","link":"https:\/\/blogs.correiobraziliense.com.br\/lianasabo\/quarteto-do-the-taste-brasil-2024-se-reune-em-eventos-gastronomicos\/","title":{"rendered":"Quarteto do The Taste Brasil 2024 se re\u00fane em eventos gastron\u00f4micos"},"content":{"rendered":"<p><em>A mais recente experi\u00eancia de J\u00falia de Almeida, F\u00e1bio Barbosa, Lucas Abreu e Brenno Trindade foi no Castanho Caf\u00e9, na 108 Norte<\/em><\/p>\n<p>A conviv\u00eancia nos bastidores do programa televisivo <em>The Taste Brasil 2024<\/em> e a descoberta de que praticavam a mesma cozinha nos fog\u00f5es do GNT levou quatro competidores a continuar cozinhando juntos mesmo depois do final da temporada.<\/p>\n<p>\u00danica mulher do grupo, a chef brasiliense J\u00falia de Almeida, de 34 anos, ficou conhecida no circuito gastron\u00f4mico da cidade quando assumiu as ca\u00e7arolas do restaurante Almeria. Ela tamb\u00e9m teve passagens por S\u00e3o Paulo, no Mani, Carlota, \u00c1ttimo, A\u00e7ougue Central e Senac e at\u00e9 em Lima, onde trabalhou no premiado Astrid y Gast\u00f3n.<\/p>\n<p>J\u00falia lidera o quarteto que protagonizou soberbo jantar no Castanho Caf\u00e9 (108 Norte) e agora se prepara para levar o menu para a cidade de cada um dos chefs: Salvador, terra do baiano F\u00e1bio Barbosa, o grupo se apresenta na Casa de Pedra, dia 20 de novembro e S\u00e3o Paulo, terra do chef consultor Lucas Abreu, dia 27 na Casa Amarela. O goiano Brenno Trindade levar\u00e1 o grupo para cozinhar em Goi\u00e2nia em dezembro a ser marcado. Veja os pratos no instagram: <a href=\"https:\/\/www.instagram.com\/julia.hsalmeida\">@julia.hsalmeida.<\/a><\/p>\n","protected":false},"excerpt":{"rendered":"<p>A mais recente experi\u00eancia de J\u00falia de Almeida, F\u00e1bio Barbosa, Lucas Abreu e Brenno Trindade foi no Castanho Caf\u00e9, na 108 Norte<\/p>\n","protected":false},"author":54,"featured_media":8932,"comment_status":"open","ping_status":"open","sticky":false,"template":"","format":"standard","meta":{"footnotes":""},"categories":[486],"tags":[1212],"class_list":["post-8931","post","type-post","status-publish","format-standard","has-post-thumbnail","hentry","category-evento","tag-the-taste-brasil"],"_links":{"self":[{"href":"https:\/\/blogs.correiobraziliense.com.br\/lianasabo\/wp-json\/wp\/v2\/posts\/8931","targetHints":{"allow":["GET"]}}],"collection":[{"href":"https:\/\/blogs.correiobraziliense.com.br\/lianasabo\/wp-json\/wp\/v2\/posts"}],"about":[{"href":"https:\/\/blogs.correiobraziliense.com.br\/lianasabo\/wp-json\/wp\/v2\/types\/post"}],"author":[{"embeddable":true,"href":"https:\/\/blogs.correiobraziliense.com.br\/lianasabo\/wp-json\/wp\/v2\/users\/54"}],"replies":[{"embeddable":true,"href":"https:\/\/blogs.correiobraziliense.com.br\/lianasabo\/wp-json\/wp\/v2\/comments?post=8931"}],"version-history":[{"count":1,"href":"https:\/\/blogs.correiobraziliense.com.br\/lianasabo\/wp-json\/wp\/v2\/posts\/8931\/revisions"}],"predecessor-version":[{"id":8933,"href":"https:\/\/blogs.correiobraziliense.com.br\/lianasabo\/wp-json\/wp\/v2\/posts\/8931\/revisions\/8933"}],"wp:featuredmedia":[{"embeddable":true,"href":"https:\/\/blogs.correiobraziliense.com.br\/lianasabo\/wp-json\/wp\/v2\/media\/8932"}],"wp:attachment":[{"href":"https:\/\/blogs.correiobraziliense.com.br\/lianasabo\/wp-json\/wp\/v2\/media?parent=8931"}],"wp:term":[{"taxonomy":"category","embeddable":true,"href":"https:\/\/blogs.correiobraziliense.com.br\/lianasabo\/wp-json\/wp\/v2\/categories?post=8931"},{"taxonomy":"post_tag","embeddable":true,"href":"https:\/\/blogs.correiobraziliense.com.br\/lianasabo\/wp-json\/wp\/v2\/tags?post=8931"}],"curies":[{"name":"wp","href":"https:\/\/api.w.org\/{rel}","templated":true}]}}