{"id":8912,"date":"2024-10-25T06:00:36","date_gmt":"2024-10-25T09:00:36","guid":{"rendered":"https:\/\/blogs.correiobraziliense.com.br\/lianasabo\/?p=8912"},"modified":"2024-10-24T18:34:37","modified_gmt":"2024-10-24T21:34:37","slug":"19a-vinum-brasilis-traz-vinhos-e-queijos-do-brasil","status":"publish","type":"post","link":"https:\/\/blogs.correiobraziliense.com.br\/lianasabo\/19a-vinum-brasilis-traz-vinhos-e-queijos-do-brasil\/","title":{"rendered":"19\u00aa Vinum Brasilis apresenta vinhos e queijos do Brasil"},"content":{"rendered":"<p>Com quase vinte anos de exist\u00eancia a Vinum Brasilis, principal feira de vinhos do centro-oeste, incorpora uma novidade ao seu j\u00e1 tradicional portf\u00f3lio presencial de vinhos brasileiros: na 19\u00aa edi\u00e7\u00e3o que se realiza dias 1\u00ba e 2 de novembro no Sal\u00e3o Millennium da Ascade (SCES Trecho 2) haver\u00e1 uma \u00e1rea s\u00f3 para queijos, al\u00e9m de outra, s\u00f3 para azeites. Todos tupiniquins.<\/p>\n<figure id=\"attachment_8914\" aria-describedby=\"caption-attachment-8914\" style=\"width: 300px\" class=\"wp-caption alignleft\"><a href=\"https:\/\/blogs.correiobraziliense.com.br\/lianasabo\/wp-content\/uploads\/sites\/25\/2024\/10\/WhatsApp-Image-2024-10-24-at-17.14.43-1.jpeg\"><img loading=\"lazy\" decoding=\"async\" class=\"size-medium wp-image-8914\" src=\"https:\/\/blogs.correiobraziliense.com.br\/lianasabo\/wp-content\/uploads\/sites\/25\/2024\/10\/WhatsApp-Image-2024-10-24-at-17.14.43-1-300x211.jpeg\" alt=\"\" width=\"300\" height=\"211\" srcset=\"https:\/\/blogs.correiobraziliense.com.br\/lianasabo\/wp-content\/uploads\/sites\/25\/2024\/10\/WhatsApp-Image-2024-10-24-at-17.14.43-1-300x211.jpeg 300w, https:\/\/blogs.correiobraziliense.com.br\/lianasabo\/wp-content\/uploads\/sites\/25\/2024\/10\/WhatsApp-Image-2024-10-24-at-17.14.43-1-768x539.jpeg 768w, https:\/\/blogs.correiobraziliense.com.br\/lianasabo\/wp-content\/uploads\/sites\/25\/2024\/10\/WhatsApp-Image-2024-10-24-at-17.14.43-1-550x386.jpeg 550w, https:\/\/blogs.correiobraziliense.com.br\/lianasabo\/wp-content\/uploads\/sites\/25\/2024\/10\/WhatsApp-Image-2024-10-24-at-17.14.43-1-230x161.jpeg 230w, https:\/\/blogs.correiobraziliense.com.br\/lianasabo\/wp-content\/uploads\/sites\/25\/2024\/10\/WhatsApp-Image-2024-10-24-at-17.14.43-1.jpeg 799w\" sizes=\"auto, (max-width: 300px) 100vw, 300px\" \/><\/a><figcaption id=\"caption-attachment-8914\" class=\"wp-caption-text\">Petrus Elesbao, idealizador da Vinum Brasilis. Cr\u00e9dito: JP Rodrigues\/Divulga\u00e7\u00e3o<\/figcaption><\/figure>\n<p>Ser\u00e3o mais de 250 r\u00f3tulos entre espumantes, brancos, ros\u00e9s e tintos produzidos por cerca de 50 vin\u00edcolas. Entre as confirmadas est\u00e3o Amiti\u00e9, Ant\u00f4nio Dias, Aurora, Caetano Vicentino, Casa Amare, Don Giovanni, Garibaldi, G\u00f3es Hermann, Lovatel, Larentis, Maximo Boschi, Monte Castelo, Monte Paschoal, Perini, Rio Sol, Sanabria, S\u00e3o Patr\u00edcio, Thera, Zanela, entre outras.<\/p>\n<p>Para o idealizador da feira, Petrus Elesb\u00e3o, \u00e9 \u201cemocionante ver esse crescimento do cen\u00e1rio do vinho nacional com tantos representantes diferentes\u201d. At\u00e9 de Pernambuco, Vin\u00edcola Mello estar\u00e1 presente, al\u00e9m, \u00e9 claro, dos vinhos brasilienses produzidos na regi\u00e3o do PAD-DF. Ingressos est\u00e3o sendo vendidos pelos telefones 3443-8996 e 99806-3127.<\/p>\n","protected":false},"excerpt":{"rendered":"<p>Com quase vinte anos de exist\u00eancia a Vinum Brasilis, principal feira de vinhos do centro-oeste, incorpora uma novidade ao seu j\u00e1 tradicional portf\u00f3lio presencial de vinhos brasileiros: na 19\u00aa edi\u00e7\u00e3o que se realiza dias 1\u00ba e 2 de novembro no Sal\u00e3o Millennium da Ascade (SCES Trecho 2) haver\u00e1 uma \u00e1rea s\u00f3 para queijos, al\u00e9m de outra, s\u00f3 para azeites. Todos [&hellip;]<\/p>\n","protected":false},"author":54,"featured_media":8913,"comment_status":"open","ping_status":"open","sticky":false,"template":"","format":"standard","meta":{"footnotes":""},"categories":[326],"tags":[786,923],"class_list":["post-8912","post","type-post","status-publish","format-standard","has-post-thumbnail","hentry","category-restaurantes","tag-vinicola","tag-vinum-brasilis"],"_links":{"self":[{"href":"https:\/\/blogs.correiobraziliense.com.br\/lianasabo\/wp-json\/wp\/v2\/posts\/8912","targetHints":{"allow":["GET"]}}],"collection":[{"href":"https:\/\/blogs.correiobraziliense.com.br\/lianasabo\/wp-json\/wp\/v2\/posts"}],"about":[{"href":"https:\/\/blogs.correiobraziliense.com.br\/lianasabo\/wp-json\/wp\/v2\/types\/post"}],"author":[{"embeddable":true,"href":"https:\/\/blogs.correiobraziliense.com.br\/lianasabo\/wp-json\/wp\/v2\/users\/54"}],"replies":[{"embeddable":true,"href":"https:\/\/blogs.correiobraziliense.com.br\/lianasabo\/wp-json\/wp\/v2\/comments?post=8912"}],"version-history":[{"count":2,"href":"https:\/\/blogs.correiobraziliense.com.br\/lianasabo\/wp-json\/wp\/v2\/posts\/8912\/revisions"}],"predecessor-version":[{"id":8922,"href":"https:\/\/blogs.correiobraziliense.com.br\/lianasabo\/wp-json\/wp\/v2\/posts\/8912\/revisions\/8922"}],"wp:featuredmedia":[{"embeddable":true,"href":"https:\/\/blogs.correiobraziliense.com.br\/lianasabo\/wp-json\/wp\/v2\/media\/8913"}],"wp:attachment":[{"href":"https:\/\/blogs.correiobraziliense.com.br\/lianasabo\/wp-json\/wp\/v2\/media?parent=8912"}],"wp:term":[{"taxonomy":"category","embeddable":true,"href":"https:\/\/blogs.correiobraziliense.com.br\/lianasabo\/wp-json\/wp\/v2\/categories?post=8912"},{"taxonomy":"post_tag","embeddable":true,"href":"https:\/\/blogs.correiobraziliense.com.br\/lianasabo\/wp-json\/wp\/v2\/tags?post=8912"}],"curies":[{"name":"wp","href":"https:\/\/api.w.org\/{rel}","templated":true}]}}