{"id":8896,"date":"2024-10-19T18:45:46","date_gmt":"2024-10-19T21:45:46","guid":{"rendered":"https:\/\/blogs.correiobraziliense.com.br\/lianasabo\/?p=8896"},"modified":"2024-10-19T18:45:46","modified_gmt":"2024-10-19T21:45:46","slug":"restaurante-taypa-completa-14-anos-e-celebra-marca-com-jantar-especial","status":"publish","type":"post","link":"https:\/\/blogs.correiobraziliense.com.br\/lianasabo\/restaurante-taypa-completa-14-anos-e-celebra-marca-com-jantar-especial\/","title":{"rendered":"Restaurante Tayp\u00e1 completa 14 anos e celebra marca com jantar especial"},"content":{"rendered":"<p><em>Marco Espinoza recebe em 22 de outubro cinco chefs para apresentar menu exclusivo<\/em><\/p>\n<p>Este ano, o premiado restaurante Tayp\u00e1 completa 14 anos em Bras\u00edlia. Para comemorar a marca, o estabelecimento promover\u00e1 na pr\u00f3xima ter\u00e7a-feira, 22 de outubro, um jantar especial feito a seis m\u00e3os, batizado de Los Hermanos.<\/p>\n<p>Al\u00e9m do chef da casa, Marco Espinoza o card\u00e1pio exclusivo ter\u00e1 receitas de Elia Schramm (Babbo Osteria, Scuola Rio), Pedro Coronha (Koral restaurante, RJ), Enrique Paredes Mizaico (AMA.ZO Peruano), Gustavo Rinkevich (Rocka B\u00fazios e La Choriceria RJ) e Thomas Troisgros (T.T Burger, CT Boucherie, Toto Ipanema, Le Blond).<\/p>\n<p><a href=\"https:\/\/blogs.correiobraziliense.com.br\/lianasabo\/wp-content\/uploads\/sites\/25\/2024\/10\/los-hermanos.jpg\"><img loading=\"lazy\" decoding=\"async\" class=\"alignleft wp-image-8898 size-medium\" src=\"https:\/\/blogs.correiobraziliense.com.br\/lianasabo\/wp-content\/uploads\/sites\/25\/2024\/10\/los-hermanos-300x292.jpg\" alt=\"\" width=\"300\" height=\"292\" srcset=\"https:\/\/blogs.correiobraziliense.com.br\/lianasabo\/wp-content\/uploads\/sites\/25\/2024\/10\/los-hermanos-300x292.jpg 300w, https:\/\/blogs.correiobraziliense.com.br\/lianasabo\/wp-content\/uploads\/sites\/25\/2024\/10\/los-hermanos-550x535.jpg 550w, https:\/\/blogs.correiobraziliense.com.br\/lianasabo\/wp-content\/uploads\/sites\/25\/2024\/10\/los-hermanos-230x224.jpg 230w, https:\/\/blogs.correiobraziliense.com.br\/lianasabo\/wp-content\/uploads\/sites\/25\/2024\/10\/los-hermanos.jpg 584w\" sizes=\"auto, (max-width: 300px) 100vw, 300px\" \/><\/a><\/p>\n<p>Ser\u00e1 apresentado um menu em oito etapas com tr\u00eas entradas, tr\u00eas pratos principais e duas sobremesas. A noite ter\u00e1 tamb\u00e9m op\u00e7\u00f5es de snacks. Tudo ao valor de R$ 590 por pessoa (bebidas e servi\u00e7os n\u00e3o inclusos). As reservas devem ser feitas antecipadamente pelo telefone (61) 98626-0235.<\/p>\n<p><strong>Confira as etapas:<\/strong><\/p>\n<p><strong>Snacks<\/strong><br \/>\n1) (Elia) Crudo de vieira, sunomono de manga e pimenta coreana, manteiga noisette, pipoca de quinoa;<br \/>\n2) (Gustavo) Pirulito de queijo e beterraba;<br \/>\n3) (Marco) Mil hojas de cordeiro;<br \/>\n4 (Pedro) Carabineiro, crocante de milho, pur\u00ea de cereja e tomate assado;<br \/>\n5) (Enrique) Lambreta carb\u00f3n &#8211; lambreta a la brasa com molho de rocoto defumado, chalaquita de pepinillo japon\u00eas;<br \/>\n6) (Thomas) Beterraba assada, chocolate salgado, kefir.<\/p>\n<p><strong>Entrada 1 &#8211; Enrique<\/strong><br \/>\nGreen Ceviche<br \/>\nFake tataki de atum, leite de tigre de pimenta de cheiro e sacha culantro, tobiko e azeite de pimenta chinesa;<\/p>\n<p><strong>Entrada 2 &#8211; Pedro<\/strong><br \/>\nDupla de ostra creme de castanha com c\u00farcuma, \u00f3leo de pimenta, shiso e picles de lim\u00e3o;<\/p>\n<p><strong>Entrada 3 &#8211; Thomas<\/strong><br \/>\nGyoza de porco e camar\u00e3o, ponzu de caf\u00e9.<\/p>\n<p><strong>Principal 1 &#8211; Marco<\/strong><br \/>\nLagosta confitada, risoni e palmito na brasa;<\/p>\n<p><strong>Principal 2 &#8211; Elia<\/strong><br \/>\nPato hoisin, arroz frito de kimchi, aioli japon\u00eas;<\/p>\n<p><strong>Principal 3 \u2013 Gustavo<\/strong><br \/>\nLeit\u00e3o confitado a pururuca com abacaxi assado, pur\u00ea de castanha de caju e molho de cerveja com mel.<\/p>\n<p><strong>Sobremesa &#8211; Tayp\u00e1<\/strong><br \/>\nCaju e Coco<br \/>\nTr\u00eas leites de caju, gelado de coco.<\/p>\n","protected":false},"excerpt":{"rendered":"<p>Marco Espinoza recebe em 22 de outubro cinco chefs para apresentar menu exclusivo<\/p>\n","protected":false},"author":54,"featured_media":8897,"comment_status":"open","ping_status":"open","sticky":false,"template":"","format":"standard","meta":{"footnotes":""},"categories":[326],"tags":[348,84],"class_list":["post-8896","post","type-post","status-publish","format-standard","has-post-thumbnail","hentry","category-restaurantes","tag-menu","tag-taypa"],"_links":{"self":[{"href":"https:\/\/blogs.correiobraziliense.com.br\/lianasabo\/wp-json\/wp\/v2\/posts\/8896","targetHints":{"allow":["GET"]}}],"collection":[{"href":"https:\/\/blogs.correiobraziliense.com.br\/lianasabo\/wp-json\/wp\/v2\/posts"}],"about":[{"href":"https:\/\/blogs.correiobraziliense.com.br\/lianasabo\/wp-json\/wp\/v2\/types\/post"}],"author":[{"embeddable":true,"href":"https:\/\/blogs.correiobraziliense.com.br\/lianasabo\/wp-json\/wp\/v2\/users\/54"}],"replies":[{"embeddable":true,"href":"https:\/\/blogs.correiobraziliense.com.br\/lianasabo\/wp-json\/wp\/v2\/comments?post=8896"}],"version-history":[{"count":1,"href":"https:\/\/blogs.correiobraziliense.com.br\/lianasabo\/wp-json\/wp\/v2\/posts\/8896\/revisions"}],"predecessor-version":[{"id":8899,"href":"https:\/\/blogs.correiobraziliense.com.br\/lianasabo\/wp-json\/wp\/v2\/posts\/8896\/revisions\/8899"}],"wp:featuredmedia":[{"embeddable":true,"href":"https:\/\/blogs.correiobraziliense.com.br\/lianasabo\/wp-json\/wp\/v2\/media\/8897"}],"wp:attachment":[{"href":"https:\/\/blogs.correiobraziliense.com.br\/lianasabo\/wp-json\/wp\/v2\/media?parent=8896"}],"wp:term":[{"taxonomy":"category","embeddable":true,"href":"https:\/\/blogs.correiobraziliense.com.br\/lianasabo\/wp-json\/wp\/v2\/categories?post=8896"},{"taxonomy":"post_tag","embeddable":true,"href":"https:\/\/blogs.correiobraziliense.com.br\/lianasabo\/wp-json\/wp\/v2\/tags?post=8896"}],"curies":[{"name":"wp","href":"https:\/\/api.w.org\/{rel}","templated":true}]}}