{"id":8892,"date":"2024-10-18T06:09:47","date_gmt":"2024-10-18T09:09:47","guid":{"rendered":"https:\/\/blogs.correiobraziliense.com.br\/lianasabo\/?p=8892"},"modified":"2024-10-17T21:29:45","modified_gmt":"2024-10-18T00:29:45","slug":"chef-babi-frazao-lanca-marca-de-receitas-de-pudim","status":"publish","type":"post","link":"https:\/\/blogs.correiobraziliense.com.br\/lianasabo\/chef-babi-frazao-lanca-marca-de-receitas-de-pudim\/","title":{"rendered":"Chef Babi Fraz\u00e3o lan\u00e7a marca de receitas de pudim"},"content":{"rendered":"<figure id=\"attachment_8894\" aria-describedby=\"caption-attachment-8894\" style=\"width: 200px\" class=\"wp-caption alignleft\"><a href=\"https:\/\/blogs.correiobraziliense.com.br\/lianasabo\/wp-content\/uploads\/sites\/25\/2024\/10\/WhatsApp-Image-2024-10-17-at-19.45.11.jpeg\"><img loading=\"lazy\" decoding=\"async\" class=\"size-medium wp-image-8894\" src=\"https:\/\/blogs.correiobraziliense.com.br\/lianasabo\/wp-content\/uploads\/sites\/25\/2024\/10\/WhatsApp-Image-2024-10-17-at-19.45.11-200x300.jpeg\" alt=\"\" width=\"200\" height=\"300\" srcset=\"https:\/\/blogs.correiobraziliense.com.br\/lianasabo\/wp-content\/uploads\/sites\/25\/2024\/10\/WhatsApp-Image-2024-10-17-at-19.45.11-200x300.jpeg 200w, https:\/\/blogs.correiobraziliense.com.br\/lianasabo\/wp-content\/uploads\/sites\/25\/2024\/10\/WhatsApp-Image-2024-10-17-at-19.45.11-768x1152.jpeg 768w, https:\/\/blogs.correiobraziliense.com.br\/lianasabo\/wp-content\/uploads\/sites\/25\/2024\/10\/WhatsApp-Image-2024-10-17-at-19.45.11.jpeg 683w, https:\/\/blogs.correiobraziliense.com.br\/lianasabo\/wp-content\/uploads\/sites\/25\/2024\/10\/WhatsApp-Image-2024-10-17-at-19.45.11-800x1200.jpeg 800w, https:\/\/blogs.correiobraziliense.com.br\/lianasabo\/wp-content\/uploads\/sites\/25\/2024\/10\/WhatsApp-Image-2024-10-17-at-19.45.11-550x825.jpeg 550w, https:\/\/blogs.correiobraziliense.com.br\/lianasabo\/wp-content\/uploads\/sites\/25\/2024\/10\/WhatsApp-Image-2024-10-17-at-19.45.11-230x345.jpeg 230w\" sizes=\"auto, (max-width: 200px) 100vw, 200px\" \/><\/a><figcaption id=\"caption-attachment-8894\" class=\"wp-caption-text\">Cr\u00e9dito: Arquivo pessoal<\/figcaption><\/figure>\n<p>\u201cCom uma sobremesa que marcou minha inf\u00e2ncia, quero trazer de volta o prazer simples e genu\u00edno de um bom pudim\u201d. \u00c9 assim que a chef Babi Fraz\u00e3o, anuncia o lan\u00e7amento da Caramelou, grife de receitas dedicadas a resgatar sabor e afeto. A escolha teve em vista \u201co poder que o pudim tem de unir gera\u00e7\u00f5es ao redor da mesa, criar mem\u00f3rias e proporcionar felicidade pura\u201d, assinala a chef brasiliense, ganhadora do programa\u00a0<em>Masterchef 2023<\/em> da Band.<\/p>\n<p>S\u00e3o seis diferentes sabores em embalagem individual com 110g: tradicional, coco e caf\u00e9 que saem por R$ 15,90 cada e os outros tr\u00eas caramelo salgado, chocolate com baru e pa\u00e7oca custam R$ 17,90. Esses pre\u00e7os s\u00e3o praticados pelo IFood, nas lojas podem custar menos, alerta Babi, que distribui o produto em diversas lojas f\u00edsicas listadas no instagram: <a href=\"https:\/\/www.instagram.com\/pudimcaramelou\">@pudimcaramelou<\/a>.<\/p>\n","protected":false},"excerpt":{"rendered":"<p>\u201cCom uma sobremesa que marcou minha inf\u00e2ncia, quero trazer de volta o prazer simples e genu\u00edno de um bom pudim\u201d. \u00c9 assim que a chef Babi Fraz\u00e3o, anuncia o lan\u00e7amento da Caramelou, grife de receitas dedicadas a resgatar sabor e afeto. A escolha teve em vista \u201co poder que o pudim tem de unir gera\u00e7\u00f5es ao redor da mesa, criar [&hellip;]<\/p>\n","protected":false},"author":54,"featured_media":8893,"comment_status":"open","ping_status":"open","sticky":false,"template":"","format":"standard","meta":{"footnotes":""},"categories":[1],"tags":[886,1201],"class_list":["post-8892","post","type-post","status-publish","format-standard","has-post-thumbnail","hentry","category-sem-categoria","tag-babi-frazao","tag-pudim"],"_links":{"self":[{"href":"https:\/\/blogs.correiobraziliense.com.br\/lianasabo\/wp-json\/wp\/v2\/posts\/8892","targetHints":{"allow":["GET"]}}],"collection":[{"href":"https:\/\/blogs.correiobraziliense.com.br\/lianasabo\/wp-json\/wp\/v2\/posts"}],"about":[{"href":"https:\/\/blogs.correiobraziliense.com.br\/lianasabo\/wp-json\/wp\/v2\/types\/post"}],"author":[{"embeddable":true,"href":"https:\/\/blogs.correiobraziliense.com.br\/lianasabo\/wp-json\/wp\/v2\/users\/54"}],"replies":[{"embeddable":true,"href":"https:\/\/blogs.correiobraziliense.com.br\/lianasabo\/wp-json\/wp\/v2\/comments?post=8892"}],"version-history":[{"count":1,"href":"https:\/\/blogs.correiobraziliense.com.br\/lianasabo\/wp-json\/wp\/v2\/posts\/8892\/revisions"}],"predecessor-version":[{"id":8895,"href":"https:\/\/blogs.correiobraziliense.com.br\/lianasabo\/wp-json\/wp\/v2\/posts\/8892\/revisions\/8895"}],"wp:featuredmedia":[{"embeddable":true,"href":"https:\/\/blogs.correiobraziliense.com.br\/lianasabo\/wp-json\/wp\/v2\/media\/8893"}],"wp:attachment":[{"href":"https:\/\/blogs.correiobraziliense.com.br\/lianasabo\/wp-json\/wp\/v2\/media?parent=8892"}],"wp:term":[{"taxonomy":"category","embeddable":true,"href":"https:\/\/blogs.correiobraziliense.com.br\/lianasabo\/wp-json\/wp\/v2\/categories?post=8892"},{"taxonomy":"post_tag","embeddable":true,"href":"https:\/\/blogs.correiobraziliense.com.br\/lianasabo\/wp-json\/wp\/v2\/tags?post=8892"}],"curies":[{"name":"wp","href":"https:\/\/api.w.org\/{rel}","templated":true}]}}