{"id":889,"date":"2017-01-06T09:39:48","date_gmt":"2017-01-06T11:39:48","guid":{"rendered":"https:\/\/blogs.correiobraziliense.com.br\/lianasabo\/?p=889"},"modified":"2017-01-06T09:41:58","modified_gmt":"2017-01-06T11:41:58","slug":"restaurantes-apostam-no-mes-de-janeiro-para-fazer-promocoes-2","status":"publish","type":"post","link":"https:\/\/blogs.correiobraziliense.com.br\/lianasabo\/restaurantes-apostam-no-mes-de-janeiro-para-fazer-promocoes-2\/","title":{"rendered":"Restaurantes apostam no m\u00eas de janeiro para fazer promo\u00e7\u00f5es"},"content":{"rendered":"<p>Janeiro \u00e9 m\u00eas de&#8230; conquistar a clientela pelo est\u00f4mago. Pelo menos para restaurantes da cidade \u00e9 assim! Confira o que tr\u00eas deles prepararam para este m\u00eas e se delicie com as op\u00e7\u00f5es.<\/p>\n<h2>Viagem ao Alentejo<\/h2>\n<p>A regi\u00e3o do Alentejo serviu como inspira\u00e7\u00e3o para o menu especial oferecido no restaurante Tejo, de Manuelzinho Pires. Os pratos ser\u00e3o servidos a partir de 10 de janeiro, tanto no almo\u00e7o como no jantar.<\/p>\n<p>O ponto alto ser\u00e1 o porco \u00e0 alentejana (R$ 77), temperado com piment\u00e3o, azeite, alho e sal grosso e preparado na cataplana (recipiente met\u00e1lico da regi\u00e3o do Algarve) com a pr\u00f3pria banha do porco, azeite, louro e coentro. A receita ainda leva v\u00f4ngole fresco.<\/p>\n<p>Acrescentado de entrada e sobremesa, o menu completo sai a R$ 95. O in\u00edcio ser\u00e1 com o tradicional\u00edssimo caldo verde e o desfecho, com sericaia, doce \u00e0 base de ovos e canela.<\/p>\n<p><strong>Tejo<\/strong><br \/>\n<strong>404 Sul Bl. B lj. 27. De ter\u00e7a a s\u00e1bado para almo\u00e7o e jantar e aos domingos, somente para almo\u00e7o. Informa\u00e7\u00f5es: 3267-7005.<\/strong><\/p>\n<h2>Sem limites<\/h2>\n<p><a href=\"https:\/\/blogs.correiobraziliense.com.br\/lianasabo\/wp-content\/uploads\/sites\/25\/2017\/01\/FB_IMG_1483394229485.jpg\" rel=\"attachment wp-att-891\"><img loading=\"lazy\" decoding=\"async\" class=\"aligncenter wp-image-891 size-full\" src=\"https:\/\/blogs.correiobraziliense.com.br\/lianasabo\/wp-content\/uploads\/sites\/25\/2017\/01\/FB_IMG_1483394229485.jpg\" alt=\"FB_IMG_1483394229485\" width=\"720\" height=\"479\" srcset=\"https:\/\/blogs.correiobraziliense.com.br\/lianasabo\/wp-content\/uploads\/sites\/25\/2017\/01\/FB_IMG_1483394229485.jpg 720w, https:\/\/blogs.correiobraziliense.com.br\/lianasabo\/wp-content\/uploads\/sites\/25\/2017\/01\/FB_IMG_1483394229485-300x200.jpg 300w, https:\/\/blogs.correiobraziliense.com.br\/lianasabo\/wp-content\/uploads\/sites\/25\/2017\/01\/FB_IMG_1483394229485-550x366.jpg 550w, https:\/\/blogs.correiobraziliense.com.br\/lianasabo\/wp-content\/uploads\/sites\/25\/2017\/01\/FB_IMG_1483394229485-230x153.jpg 230w\" sizes=\"auto, (max-width: 720px) 100vw, 720px\" \/><\/a><\/p>\n<p>A C\u00b4est la Vie Bistr\u00f4 e Creperie far\u00e1 uma edi\u00e7\u00e3o de f\u00e9rias do Festival Illimit\u00e9. Durante este m\u00eas sete sabores de crepe ser\u00e3o servidos em tamanho menor e em sistema de rod\u00edzio.<\/p>\n<p>Entre 15h e 18h, o rod\u00edzio custa R$ 32, por pessoa. Depois desse hor\u00e1rio, o pre\u00e7o passa a ser R$ 43,50. Crian\u00e7as de at\u00e9 12 anos pagam R$ 15. Ainda tem mais uma novidade: a cada tr\u00eas pessoas que optarem pelo rod\u00edzio, a quarta ganha o dela.<\/p>\n<p>Servidos em massa integral ou branca, os sabores que participam do Ilimit\u00e9 s\u00e3o Chet Baker (peito de peru, mussarela, tomate seco e manjeric\u00e3o), Cariri (fil\u00e9-mignon fatiado, gorgonzola, catupiry, cebola e cheiro verde), Caravaggio (calabresa flambada na cacha\u00e7a, mussarela, tomate, or\u00e9gano e cebola caramelizada), Quatro queijos, estrogonofe de frango, La Vie est Dolce (Morangos com doce de leite e chantily) e brasileirinho (banana caramelada, mussarela, canela e a\u00e7\u00facar).<\/p>\n<p><strong>C\u00b4est la Vie Bistr\u00f4 e Creperie<\/strong><br \/>\n<strong>408 Sul Bl. A lj. 5. De ter\u00e7a a domingo, das 15h \u00e0s 23h. Informa\u00e7\u00f5es: 3244-6353.<\/strong><\/p>\n<h2>Happy Hour<\/h2>\n<p>M\u00fasica, vinhos e espumantes. \u00c9 nesse trip\u00e9 que est\u00e1 apoiado o happy hour do restaurante Lake&#8217;s durante este m\u00eas. De segunda a sexta, das 16h \u00e0s 20h, essas bebidas ter\u00e3o 20% de desconto em contas pagas a dinheiro.<\/p>\n<p>Por R$ 59 (por pessoa), voc\u00ea poder\u00e1 degustar r\u00f3tulos como o italiano Nobili Primitivo, que tem notas de frutas negras e baunilha, e o espanhol Mundo del Yuntero, que se destaca por aroma de frutos maduros e vermelhos. Menos \u00e1cido \u00e9 o tamb\u00e9m espanhol Inurrieta Sur Roble, que tem notas de pinh\u00e3o.<\/p>\n<p><strong>Lake\u2019s Restaurante<\/strong><br \/>\n<strong>402 Sul Bl.C lj. 15. Happy hour das 16h \u00e0s 20h. De segunda a s\u00e1bado, das 12h \u00e0s 0h e domingo das 12h \u00e0s 17h. Telefone: 3323-1029.<\/strong><\/p>\n<p><strong>\u00a0<\/strong><\/p>\n","protected":false},"excerpt":{"rendered":"<p>Janeiro \u00e9 m\u00eas de&#8230; conquistar a clientela pelo est\u00f4mago. Pelo menos para restaurantes da cidade \u00e9 assim! Confira o que tr\u00eas deles prepararam para este m\u00eas e se delicie com as op\u00e7\u00f5es. Viagem ao Alentejo A regi\u00e3o do Alentejo serviu como inspira\u00e7\u00e3o para o menu especial oferecido no restaurante Tejo, de Manuelzinho Pires. Os pratos ser\u00e3o servidos a partir de [&hellip;]<\/p>\n","protected":false},"author":54,"featured_media":890,"comment_status":"open","ping_status":"open","sticky":false,"template":"","format":"standard","meta":{"footnotes":""},"categories":[1],"tags":[],"class_list":["post-889","post","type-post","status-publish","format-standard","has-post-thumbnail","hentry","category-sem-categoria"],"_links":{"self":[{"href":"https:\/\/blogs.correiobraziliense.com.br\/lianasabo\/wp-json\/wp\/v2\/posts\/889","targetHints":{"allow":["GET"]}}],"collection":[{"href":"https:\/\/blogs.correiobraziliense.com.br\/lianasabo\/wp-json\/wp\/v2\/posts"}],"about":[{"href":"https:\/\/blogs.correiobraziliense.com.br\/lianasabo\/wp-json\/wp\/v2\/types\/post"}],"author":[{"embeddable":true,"href":"https:\/\/blogs.correiobraziliense.com.br\/lianasabo\/wp-json\/wp\/v2\/users\/54"}],"replies":[{"embeddable":true,"href":"https:\/\/blogs.correiobraziliense.com.br\/lianasabo\/wp-json\/wp\/v2\/comments?post=889"}],"version-history":[{"count":3,"href":"https:\/\/blogs.correiobraziliense.com.br\/lianasabo\/wp-json\/wp\/v2\/posts\/889\/revisions"}],"predecessor-version":[{"id":894,"href":"https:\/\/blogs.correiobraziliense.com.br\/lianasabo\/wp-json\/wp\/v2\/posts\/889\/revisions\/894"}],"wp:featuredmedia":[{"embeddable":true,"href":"https:\/\/blogs.correiobraziliense.com.br\/lianasabo\/wp-json\/wp\/v2\/media\/890"}],"wp:attachment":[{"href":"https:\/\/blogs.correiobraziliense.com.br\/lianasabo\/wp-json\/wp\/v2\/media?parent=889"}],"wp:term":[{"taxonomy":"category","embeddable":true,"href":"https:\/\/blogs.correiobraziliense.com.br\/lianasabo\/wp-json\/wp\/v2\/categories?post=889"},{"taxonomy":"post_tag","embeddable":true,"href":"https:\/\/blogs.correiobraziliense.com.br\/lianasabo\/wp-json\/wp\/v2\/tags?post=889"}],"curies":[{"name":"wp","href":"https:\/\/api.w.org\/{rel}","templated":true}]}}