{"id":8884,"date":"2024-10-18T06:01:00","date_gmt":"2024-10-18T09:01:00","guid":{"rendered":"https:\/\/blogs.correiobraziliense.com.br\/lianasabo\/?p=8884"},"modified":"2024-10-17T21:20:05","modified_gmt":"2024-10-18T00:20:05","slug":"surgida-ha-42-anos-a-grife-marietta-e-sucesso-de-familia","status":"publish","type":"post","link":"https:\/\/blogs.correiobraziliense.com.br\/lianasabo\/surgida-ha-42-anos-a-grife-marietta-e-sucesso-de-familia\/","title":{"rendered":"Surgida h\u00e1 42 anos, a grife Marietta \u00e9 sucesso de fam\u00edlia"},"content":{"rendered":"<p>Os brasilienses com pouco mais de quatro d\u00e9cadas de vida h\u00e3o de lembrar que o primeiro \u201csandu\u00edche natural\u201d em forma retangular com recheios gastron\u00f4micos de atum, ovos, ricota, frango desfiado, geleia de ameixa e pasta de berinjela que degustaram na nova capital foi no Marietta, em suas lojas do Ven\u00e2ncio 3000, ParkShopping e Conjunto Nacional. A grife surgida em 1982 cresceu, ampliou o conceito original e deu origem ao Marietta Caf\u00e9 e \u00e0 hamburgueria Marvin.<\/p>\n<figure id=\"attachment_8886\" aria-describedby=\"caption-attachment-8886\" style=\"width: 221px\" class=\"wp-caption alignright\"><a href=\"https:\/\/blogs.correiobraziliense.com.br\/lianasabo\/wp-content\/uploads\/sites\/25\/2024\/10\/WhatsApp-Image-2024-10-17-at-19.38.08.jpeg\"><img loading=\"lazy\" decoding=\"async\" class=\"size-medium wp-image-8886\" src=\"https:\/\/blogs.correiobraziliense.com.br\/lianasabo\/wp-content\/uploads\/sites\/25\/2024\/10\/WhatsApp-Image-2024-10-17-at-19.38.08-221x300.jpeg\" alt=\"\" width=\"221\" height=\"300\" srcset=\"https:\/\/blogs.correiobraziliense.com.br\/lianasabo\/wp-content\/uploads\/sites\/25\/2024\/10\/WhatsApp-Image-2024-10-17-at-19.38.08-221x300.jpeg 221w, https:\/\/blogs.correiobraziliense.com.br\/lianasabo\/wp-content\/uploads\/sites\/25\/2024\/10\/WhatsApp-Image-2024-10-17-at-19.38.08-550x747.jpeg 550w, https:\/\/blogs.correiobraziliense.com.br\/lianasabo\/wp-content\/uploads\/sites\/25\/2024\/10\/WhatsApp-Image-2024-10-17-at-19.38.08-230x312.jpeg 230w, https:\/\/blogs.correiobraziliense.com.br\/lianasabo\/wp-content\/uploads\/sites\/25\/2024\/10\/WhatsApp-Image-2024-10-17-at-19.38.08.jpeg 690w\" sizes=\"auto, (max-width: 221px) 100vw, 221px\" \/><\/a><figcaption id=\"caption-attachment-8886\" class=\"wp-caption-text\">Cr\u00e9dito: Marietta\/divulga\u00e7\u00e3o<\/figcaption><\/figure>\n<p>\u201cA ideia era fazer algo diferente do que existia no mercado brasileiro com inspira\u00e7\u00e3o nas paninotecas italianas e argentinas\u201d, lembra Rafael Costacurta, segunda gera\u00e7\u00e3o da grife, que conta com uma central de produ\u00e7\u00e3o capaz de atender as 10 lojas da rede com 234 funcion\u00e1rios.<\/p>\n<p><strong>Menu Primavera<\/strong><\/p>\n<p>Para assinalar os 42 anos a marca lan\u00e7a um card\u00e1pio especial de tr\u00eas etapas por R$ 69, que ser\u00e1 oferecido at\u00e9 o dia 15 de dezembro no Marietta da 409 Sul, de segunda a domingo, Terra\u00e7o Shopping, ParkShopping e Casa Park, de segunda a sexta-feira. Consta de salada de tabule de quinoa na entrada, til\u00e1pia ao molho de camar\u00f5es com risoto de lim\u00e3o siciliano no principal e cheesecake, na sobremesa.<\/p>\n<p>Al\u00e9m desse menu, ser\u00e3o oferecidos os \u201ccl\u00e1ssicos Marietta\u201d, durante o per\u00edodo de 23 de outubro a 23 de novembro, que constam de salpic\u00e3o com salada (R$ 26), salada caprese (R$ 34) e um combo de frango cremoso com salada mais suco de abacaxi com hortel\u00e3 (R$ 40).<\/p>\n","protected":false},"excerpt":{"rendered":"<p>Os brasilienses com pouco mais de quatro d\u00e9cadas de vida h\u00e3o de lembrar que o primeiro \u201csandu\u00edche natural\u201d em forma retangular com recheios gastron\u00f4micos de atum, ovos, ricota, frango desfiado, geleia de ameixa e pasta de berinjela que degustaram na nova capital foi no Marietta, em suas lojas do Ven\u00e2ncio 3000, ParkShopping e Conjunto Nacional. A grife surgida em 1982 [&hellip;]<\/p>\n","protected":false},"author":54,"featured_media":8885,"comment_status":"open","ping_status":"open","sticky":false,"template":"","format":"standard","meta":{"footnotes":""},"categories":[326],"tags":[1197,1198,1199],"class_list":["post-8884","post","type-post","status-publish","format-standard","has-post-thumbnail","hentry","category-restaurantes","tag-marietta","tag-marietta-cafe","tag-marvin"],"_links":{"self":[{"href":"https:\/\/blogs.correiobraziliense.com.br\/lianasabo\/wp-json\/wp\/v2\/posts\/8884","targetHints":{"allow":["GET"]}}],"collection":[{"href":"https:\/\/blogs.correiobraziliense.com.br\/lianasabo\/wp-json\/wp\/v2\/posts"}],"about":[{"href":"https:\/\/blogs.correiobraziliense.com.br\/lianasabo\/wp-json\/wp\/v2\/types\/post"}],"author":[{"embeddable":true,"href":"https:\/\/blogs.correiobraziliense.com.br\/lianasabo\/wp-json\/wp\/v2\/users\/54"}],"replies":[{"embeddable":true,"href":"https:\/\/blogs.correiobraziliense.com.br\/lianasabo\/wp-json\/wp\/v2\/comments?post=8884"}],"version-history":[{"count":1,"href":"https:\/\/blogs.correiobraziliense.com.br\/lianasabo\/wp-json\/wp\/v2\/posts\/8884\/revisions"}],"predecessor-version":[{"id":8887,"href":"https:\/\/blogs.correiobraziliense.com.br\/lianasabo\/wp-json\/wp\/v2\/posts\/8884\/revisions\/8887"}],"wp:featuredmedia":[{"embeddable":true,"href":"https:\/\/blogs.correiobraziliense.com.br\/lianasabo\/wp-json\/wp\/v2\/media\/8885"}],"wp:attachment":[{"href":"https:\/\/blogs.correiobraziliense.com.br\/lianasabo\/wp-json\/wp\/v2\/media?parent=8884"}],"wp:term":[{"taxonomy":"category","embeddable":true,"href":"https:\/\/blogs.correiobraziliense.com.br\/lianasabo\/wp-json\/wp\/v2\/categories?post=8884"},{"taxonomy":"post_tag","embeddable":true,"href":"https:\/\/blogs.correiobraziliense.com.br\/lianasabo\/wp-json\/wp\/v2\/tags?post=8884"}],"curies":[{"name":"wp","href":"https:\/\/api.w.org\/{rel}","templated":true}]}}