{"id":8851,"date":"2024-10-11T06:39:51","date_gmt":"2024-10-11T09:39:51","guid":{"rendered":"https:\/\/blogs.correiobraziliense.com.br\/lianasabo\/?p=8851"},"modified":"2024-10-10T22:41:16","modified_gmt":"2024-10-11T01:41:16","slug":"na-mata-completa-4-anos-com-festa-na-chapada","status":"publish","type":"post","link":"https:\/\/blogs.correiobraziliense.com.br\/lianasabo\/na-mata-completa-4-anos-com-festa-na-chapada\/","title":{"rendered":"Na Mata completa 4 anos com festa na Chapada"},"content":{"rendered":"<p>O Dia das Crian\u00e7as, que transcorre amanh\u00e3 (12\/10), assinala tamb\u00e9m o quarto anivers\u00e1rio do restaurante Na Mata, distante 260 quil\u00f4metros da capital, localizado na entrada do Parque Nacional da Chapada dos Veadeiros, onde as s\u00f3cias Mara Alcamim e Luciana Fabri criaram um ref\u00fagio na natureza, que serve incr\u00edveis sabores e \u00f3timas bebidas \u00e0 beira do rio S\u00e3o Miguel, pr\u00f3prio para banho.<\/p>\n<p>Este ano, o niver conta com a inaugura\u00e7\u00e3o do Espa\u00e7o Corona no jardim, onde os primeiros 100 visitantes ser\u00e3o recebidos com um brinde da marca, enquanto a trilha sonora ser\u00e1 embalada por DJs que trazem uma sele\u00e7\u00e3o de ritmos brasileiros. No restaurante o card\u00e1pio \u00e9 aberto.<\/p>\n<p>O acesso ser\u00e1 feito com ingresso de R$ 20 destinado a projetos de preserva\u00e7\u00e3o da Chapada dos Veadeiros. O evento vai das 12h \u00e0s 19h e al\u00e9m da Ambev, conta com o apoio das empresas Del Maipo, Tr\u00eas Cora\u00e7\u00f5es, YVY, Fibraz e Melhor Carnes. Reservas: 98177-0678.<\/p>\n","protected":false},"excerpt":{"rendered":"<p>O Dia das Crian\u00e7as, que transcorre amanh\u00e3 (12\/10), assinala tamb\u00e9m o quarto anivers\u00e1rio do restaurante Na Mata, distante 260 quil\u00f4metros da capital, localizado na entrada do Parque Nacional da Chapada dos Veadeiros, onde as s\u00f3cias Mara Alcamim e Luciana Fabri criaram um ref\u00fagio na natureza, que serve incr\u00edveis sabores e \u00f3timas bebidas \u00e0 beira do rio S\u00e3o Miguel, pr\u00f3prio para [&hellip;]<\/p>\n","protected":false},"author":54,"featured_media":8852,"comment_status":"open","ping_status":"open","sticky":false,"template":"","format":"standard","meta":{"footnotes":""},"categories":[326],"tags":[438,1189],"class_list":["post-8851","post","type-post","status-publish","format-standard","has-post-thumbnail","hentry","category-restaurantes","tag-aniversario","tag-na-mata"],"_links":{"self":[{"href":"https:\/\/blogs.correiobraziliense.com.br\/lianasabo\/wp-json\/wp\/v2\/posts\/8851","targetHints":{"allow":["GET"]}}],"collection":[{"href":"https:\/\/blogs.correiobraziliense.com.br\/lianasabo\/wp-json\/wp\/v2\/posts"}],"about":[{"href":"https:\/\/blogs.correiobraziliense.com.br\/lianasabo\/wp-json\/wp\/v2\/types\/post"}],"author":[{"embeddable":true,"href":"https:\/\/blogs.correiobraziliense.com.br\/lianasabo\/wp-json\/wp\/v2\/users\/54"}],"replies":[{"embeddable":true,"href":"https:\/\/blogs.correiobraziliense.com.br\/lianasabo\/wp-json\/wp\/v2\/comments?post=8851"}],"version-history":[{"count":1,"href":"https:\/\/blogs.correiobraziliense.com.br\/lianasabo\/wp-json\/wp\/v2\/posts\/8851\/revisions"}],"predecessor-version":[{"id":8853,"href":"https:\/\/blogs.correiobraziliense.com.br\/lianasabo\/wp-json\/wp\/v2\/posts\/8851\/revisions\/8853"}],"wp:featuredmedia":[{"embeddable":true,"href":"https:\/\/blogs.correiobraziliense.com.br\/lianasabo\/wp-json\/wp\/v2\/media\/8852"}],"wp:attachment":[{"href":"https:\/\/blogs.correiobraziliense.com.br\/lianasabo\/wp-json\/wp\/v2\/media?parent=8851"}],"wp:term":[{"taxonomy":"category","embeddable":true,"href":"https:\/\/blogs.correiobraziliense.com.br\/lianasabo\/wp-json\/wp\/v2\/categories?post=8851"},{"taxonomy":"post_tag","embeddable":true,"href":"https:\/\/blogs.correiobraziliense.com.br\/lianasabo\/wp-json\/wp\/v2\/tags?post=8851"}],"curies":[{"name":"wp","href":"https:\/\/api.w.org\/{rel}","templated":true}]}}