{"id":882,"date":"2017-01-13T08:59:58","date_gmt":"2017-01-13T10:59:58","guid":{"rendered":"https:\/\/blogs.correiobraziliense.com.br\/lianasabo\/?p=882"},"modified":"2017-01-05T17:14:54","modified_gmt":"2017-01-05T19:14:54","slug":"mercadinho-do-brasilia-tem-opcoes-organicas","status":"publish","type":"post","link":"https:\/\/blogs.correiobraziliense.com.br\/lianasabo\/mercadinho-do-brasilia-tem-opcoes-organicas\/","title":{"rendered":"Mercadinho do Bras\u00edlia tem op\u00e7\u00f5es org\u00e2nicas"},"content":{"rendered":"<p>Que tal come\u00e7ar o ano comendo bem? No Mercadinho de Bras\u00edlia, realizado neste s\u00e1bado (14\/1) na \u00e1rea externa do Bras\u00edlia Shopping, \u00e9 poss\u00edvel conhecer v\u00e1rios produtos org\u00e2nicos\u00a0 e saborosos.<\/p>\n<p>&nbsp;<\/p>\n<figure id=\"attachment_884\" aria-describedby=\"caption-attachment-884\" style=\"width: 800px\" class=\"wp-caption aligncenter\"><a href=\"https:\/\/blogs.correiobraziliense.com.br\/lianasabo\/wp-content\/uploads\/sites\/25\/2017\/01\/feira_blog.jpg\" rel=\"attachment wp-att-884\"><img loading=\"lazy\" decoding=\"async\" class=\"wp-image-884 size-full\" src=\"https:\/\/blogs.correiobraziliense.com.br\/lianasabo\/wp-content\/uploads\/sites\/25\/2017\/01\/feira_blog.jpg\" alt=\"feira_blog\" width=\"800\" height=\"282\" srcset=\"https:\/\/blogs.correiobraziliense.com.br\/lianasabo\/wp-content\/uploads\/sites\/25\/2017\/01\/feira_blog.jpg 800w, https:\/\/blogs.correiobraziliense.com.br\/lianasabo\/wp-content\/uploads\/sites\/25\/2017\/01\/feira_blog-300x106.jpg 300w, https:\/\/blogs.correiobraziliense.com.br\/lianasabo\/wp-content\/uploads\/sites\/25\/2017\/01\/feira_blog-768x271.jpg 768w, https:\/\/blogs.correiobraziliense.com.br\/lianasabo\/wp-content\/uploads\/sites\/25\/2017\/01\/feira_blog-550x194.jpg 550w, https:\/\/blogs.correiobraziliense.com.br\/lianasabo\/wp-content\/uploads\/sites\/25\/2017\/01\/feira_blog-230x81.jpg 230w\" sizes=\"auto, (max-width: 800px) 100vw, 800px\" \/><\/a><figcaption id=\"caption-attachment-884\" class=\"wp-caption-text\">Vinicius Fernandes\/Divulga\u00e7\u00e3o. Feira recebe barraquinhas de produtos org\u00e2nicos.<\/figcaption><\/figure>\n<p>Entre as del\u00edcias encontradas no local, doces, geleias, p\u00e3es, azeites e sucos. Tudo preparado com ingredientes sem agrot\u00f3xicos e, em sua maior parte, produzidos aqui no DF ou bem pertinho, no Entorno.<\/p>\n<h2>Jazz e bossa nova<\/h2>\n<p><a href=\"https:\/\/blogs.correiobraziliense.com.br\/lianasabo\/wp-content\/uploads\/sites\/25\/2017\/01\/gabriel_blog.jpg\" rel=\"attachment wp-att-885\"><img loading=\"lazy\" decoding=\"async\" class=\"size-medium wp-image-885 alignleft\" src=\"https:\/\/blogs.correiobraziliense.com.br\/lianasabo\/wp-content\/uploads\/sites\/25\/2017\/01\/gabriel_blog-200x300.jpg\" alt=\"gabriel_blog\" width=\"200\" height=\"300\" srcset=\"https:\/\/blogs.correiobraziliense.com.br\/lianasabo\/wp-content\/uploads\/sites\/25\/2017\/01\/gabriel_blog-200x300.jpg 200w, https:\/\/blogs.correiobraziliense.com.br\/lianasabo\/wp-content\/uploads\/sites\/25\/2017\/01\/gabriel_blog-550x825.jpg 550w, https:\/\/blogs.correiobraziliense.com.br\/lianasabo\/wp-content\/uploads\/sites\/25\/2017\/01\/gabriel_blog-230x345.jpg 230w, https:\/\/blogs.correiobraziliense.com.br\/lianasabo\/wp-content\/uploads\/sites\/25\/2017\/01\/gabriel_blog.jpg 600w\" sizes=\"auto, (max-width: 200px) 100vw, 200px\" \/><\/a><\/p>\n<p>H\u00e1 tr\u00eas anos o Mercadinho do Bras\u00edlia junta gastronomia e m\u00fasica. A edi\u00e7\u00e3o deste s\u00e1bado ser\u00e1 ao som de trio formado por Gabriel Preusse (contrabaixo &#8211; <strong>foto<\/strong>), Pedrinho Augusto (bateria) e Filipe Togawa (piano). O repert\u00f3rio engloba jazz, bossa nova e at\u00e9 m\u00fasica nordestina. O trio toca das 11h \u00e0s 12h e das 13h \u00e0s 14h.<\/p>\n<p>&nbsp;<\/p>\n<p><strong>Servi\u00e7o<\/strong><br \/>\n<strong>Mercadinho do Bras\u00edlia<\/strong><br \/>\n<strong>\u00c1rea externa do Bras\u00edlia Shopping. S\u00e1bado (14\/1), das\u00a0 9h \u00e0s 15h. Entrada franca. Informa\u00e7\u00f5es: 2109-2122.<\/strong><\/p>\n","protected":false},"excerpt":{"rendered":"<p>Que tal come\u00e7ar o ano comendo bem? No Mercadinho de Bras\u00edlia, realizado neste s\u00e1bado (14\/1) na \u00e1rea externa do Bras\u00edlia Shopping, \u00e9 poss\u00edvel conhecer v\u00e1rios produtos org\u00e2nicos\u00a0 e saborosos. &nbsp; Entre as del\u00edcias encontradas no local, doces, geleias, p\u00e3es, azeites e sucos. Tudo preparado com ingredientes sem agrot\u00f3xicos e, em sua maior parte, produzidos aqui no DF ou bem pertinho, [&hellip;]<\/p>\n","protected":false},"author":54,"featured_media":883,"comment_status":"open","ping_status":"open","sticky":false,"template":"","format":"standard","meta":{"footnotes":""},"categories":[1],"tags":[],"class_list":["post-882","post","type-post","status-publish","format-standard","has-post-thumbnail","hentry","category-sem-categoria"],"_links":{"self":[{"href":"https:\/\/blogs.correiobraziliense.com.br\/lianasabo\/wp-json\/wp\/v2\/posts\/882","targetHints":{"allow":["GET"]}}],"collection":[{"href":"https:\/\/blogs.correiobraziliense.com.br\/lianasabo\/wp-json\/wp\/v2\/posts"}],"about":[{"href":"https:\/\/blogs.correiobraziliense.com.br\/lianasabo\/wp-json\/wp\/v2\/types\/post"}],"author":[{"embeddable":true,"href":"https:\/\/blogs.correiobraziliense.com.br\/lianasabo\/wp-json\/wp\/v2\/users\/54"}],"replies":[{"embeddable":true,"href":"https:\/\/blogs.correiobraziliense.com.br\/lianasabo\/wp-json\/wp\/v2\/comments?post=882"}],"version-history":[{"count":1,"href":"https:\/\/blogs.correiobraziliense.com.br\/lianasabo\/wp-json\/wp\/v2\/posts\/882\/revisions"}],"predecessor-version":[{"id":886,"href":"https:\/\/blogs.correiobraziliense.com.br\/lianasabo\/wp-json\/wp\/v2\/posts\/882\/revisions\/886"}],"wp:featuredmedia":[{"embeddable":true,"href":"https:\/\/blogs.correiobraziliense.com.br\/lianasabo\/wp-json\/wp\/v2\/media\/883"}],"wp:attachment":[{"href":"https:\/\/blogs.correiobraziliense.com.br\/lianasabo\/wp-json\/wp\/v2\/media?parent=882"}],"wp:term":[{"taxonomy":"category","embeddable":true,"href":"https:\/\/blogs.correiobraziliense.com.br\/lianasabo\/wp-json\/wp\/v2\/categories?post=882"},{"taxonomy":"post_tag","embeddable":true,"href":"https:\/\/blogs.correiobraziliense.com.br\/lianasabo\/wp-json\/wp\/v2\/tags?post=882"}],"curies":[{"name":"wp","href":"https:\/\/api.w.org\/{rel}","templated":true}]}}