{"id":8819,"date":"2024-09-27T06:04:51","date_gmt":"2024-09-27T09:04:51","guid":{"rendered":"https:\/\/blogs.correiobraziliense.com.br\/lianasabo\/?p=8819"},"modified":"2024-09-26T19:38:39","modified_gmt":"2024-09-26T22:38:39","slug":"sao-paulo-oktoberfest-tera-participacao-do-chef-internacional-tobias-foellbach","status":"publish","type":"post","link":"https:\/\/blogs.correiobraziliense.com.br\/lianasabo\/sao-paulo-oktoberfest-tera-participacao-do-chef-internacional-tobias-foellbach\/","title":{"rendered":"S\u00e3o Paulo Oktoberfest ter\u00e1 participa\u00e7\u00e3o do chef internacional Tobias Foellbach"},"content":{"rendered":"<p><em>A s\u00e9tima edi\u00e7\u00e3o do evento ter\u00e1 mais de 100 op\u00e7\u00f5es de pratos, incluindo cl\u00e1ssicos da culin\u00e1ria germ\u00e2nica<\/em><\/p>\n<p>Quem estiver em S\u00e3o Paulo m\u00eas que vem poder\u00e1 participar da s\u00e9tima edi\u00e7\u00e3o da Oktoberfest no Parque Villa-Lobos (Avenida Queiroz Filho 136), que este ano tem a frente o chef Tobias Foelbach, nomeado embaixador da gastronomia do festival. Mais de 100 op\u00e7\u00f5es de pratos, incluindo joelho de porco (Eisbein) com chucrute, salsichas t\u00edpicas e bretzels entre outros cl\u00e1ssicos da comida alem\u00e3 estar\u00e3o dispon\u00edveis em duas datas: de quinta 10 a domingo 13 e de quinta 17 a domingo 20 de outubro. Ingressos a partir de R$ 20.<\/p>\n","protected":false},"excerpt":{"rendered":"<p>A s\u00e9tima edi\u00e7\u00e3o do evento ter\u00e1 mais de 100 op\u00e7\u00f5es de pratos, incluindo cl\u00e1ssicos da culin\u00e1ria germ\u00e2nica<\/p>\n","protected":false},"author":54,"featured_media":8820,"comment_status":"open","ping_status":"open","sticky":false,"template":"","format":"standard","meta":{"footnotes":""},"categories":[486],"tags":[1181,507],"class_list":["post-8819","post","type-post","status-publish","format-standard","has-post-thumbnail","hentry","category-evento","tag-oktoberfest","tag-sao-paulo"],"_links":{"self":[{"href":"https:\/\/blogs.correiobraziliense.com.br\/lianasabo\/wp-json\/wp\/v2\/posts\/8819","targetHints":{"allow":["GET"]}}],"collection":[{"href":"https:\/\/blogs.correiobraziliense.com.br\/lianasabo\/wp-json\/wp\/v2\/posts"}],"about":[{"href":"https:\/\/blogs.correiobraziliense.com.br\/lianasabo\/wp-json\/wp\/v2\/types\/post"}],"author":[{"embeddable":true,"href":"https:\/\/blogs.correiobraziliense.com.br\/lianasabo\/wp-json\/wp\/v2\/users\/54"}],"replies":[{"embeddable":true,"href":"https:\/\/blogs.correiobraziliense.com.br\/lianasabo\/wp-json\/wp\/v2\/comments?post=8819"}],"version-history":[{"count":1,"href":"https:\/\/blogs.correiobraziliense.com.br\/lianasabo\/wp-json\/wp\/v2\/posts\/8819\/revisions"}],"predecessor-version":[{"id":8821,"href":"https:\/\/blogs.correiobraziliense.com.br\/lianasabo\/wp-json\/wp\/v2\/posts\/8819\/revisions\/8821"}],"wp:featuredmedia":[{"embeddable":true,"href":"https:\/\/blogs.correiobraziliense.com.br\/lianasabo\/wp-json\/wp\/v2\/media\/8820"}],"wp:attachment":[{"href":"https:\/\/blogs.correiobraziliense.com.br\/lianasabo\/wp-json\/wp\/v2\/media?parent=8819"}],"wp:term":[{"taxonomy":"category","embeddable":true,"href":"https:\/\/blogs.correiobraziliense.com.br\/lianasabo\/wp-json\/wp\/v2\/categories?post=8819"},{"taxonomy":"post_tag","embeddable":true,"href":"https:\/\/blogs.correiobraziliense.com.br\/lianasabo\/wp-json\/wp\/v2\/tags?post=8819"}],"curies":[{"name":"wp","href":"https:\/\/api.w.org\/{rel}","templated":true}]}}