{"id":8797,"date":"2024-09-24T10:47:33","date_gmt":"2024-09-24T13:47:33","guid":{"rendered":"https:\/\/blogs.correiobraziliense.com.br\/lianasabo\/?p=8797"},"modified":"2024-09-24T10:47:33","modified_gmt":"2024-09-24T13:47:33","slug":"restaurante-ticiana-werner-e-wine-bar-apresenta-cardapio-de-tabuas-de-frios-para-delivery","status":"publish","type":"post","link":"https:\/\/blogs.correiobraziliense.com.br\/lianasabo\/restaurante-ticiana-werner-e-wine-bar-apresenta-cardapio-de-tabuas-de-frios-para-delivery\/","title":{"rendered":"Restaurante Ticiana Werner e Wine Bar apresenta card\u00e1pio de t\u00e1buas de frios para delivery"},"content":{"rendered":"<p>Que tal uma noite de queijos e frios em casa com ingredientes frescos e uma apresenta\u00e7\u00e3o impec\u00e1vel? \u00c9 o que oferece o Restaurante Ticiana Werner e Wine Bar, na 201 Sul, com o card\u00e1pio exclusivo com sete tipos de t\u00e1buas de frios para entrega. H\u00e1 op\u00e7\u00f5es para todos os gostos e com diferentes tamanhos a partir de R$ 158. As encomendas podem ser feitas das 9h \u00e0s 22h pela plataforma iFood.<\/p>\n<p>Entre as op\u00e7\u00f5es para at\u00e9 duas pessoas est\u00e1 a T\u00e1bua Carm\u00e9n\u00e8re &amp; Vinho Tinto Vulcanicci (R$ 199, 630g), com salame, lombo defumado, queijo brie, gorgonzola, pasta de ricota temperada, caviar de berinjela, pasta de tomate seco com am\u00eandoas, azeitona azapa em azeite temperado, torradas, mel, am\u00eandoas defumadas, damasco e vinho tinto Vulcanicci.<\/p>\n<figure id=\"attachment_8799\" aria-describedby=\"caption-attachment-8799\" style=\"width: 300px\" class=\"wp-caption alignleft\"><a href=\"https:\/\/blogs.correiobraziliense.com.br\/lianasabo\/wp-content\/uploads\/sites\/25\/2024\/09\/T\u00e1buas-de-frios-Ticiana-Werner-05-1.jpeg\"><img loading=\"lazy\" decoding=\"async\" class=\"size-medium wp-image-8799\" src=\"https:\/\/blogs.correiobraziliense.com.br\/lianasabo\/wp-content\/uploads\/sites\/25\/2024\/09\/T\u00e1buas-de-frios-Ticiana-Werner-05-1-300x199.jpeg\" alt=\"\" width=\"300\" height=\"199\" srcset=\"https:\/\/blogs.correiobraziliense.com.br\/lianasabo\/wp-content\/uploads\/sites\/25\/2024\/09\/T\u00e1buas-de-frios-Ticiana-Werner-05-1-300x199.jpeg 300w, https:\/\/blogs.correiobraziliense.com.br\/lianasabo\/wp-content\/uploads\/sites\/25\/2024\/09\/T\u00e1buas-de-frios-Ticiana-Werner-05-1-768x510.jpeg 768w, https:\/\/blogs.correiobraziliense.com.br\/lianasabo\/wp-content\/uploads\/sites\/25\/2024\/09\/T\u00e1buas-de-frios-Ticiana-Werner-05-1.jpeg 800w, https:\/\/blogs.correiobraziliense.com.br\/lianasabo\/wp-content\/uploads\/sites\/25\/2024\/09\/T\u00e1buas-de-frios-Ticiana-Werner-05-1-550x365.jpeg 550w, https:\/\/blogs.correiobraziliense.com.br\/lianasabo\/wp-content\/uploads\/sites\/25\/2024\/09\/T\u00e1buas-de-frios-Ticiana-Werner-05-1-230x153.jpeg 230w\" sizes=\"auto, (max-width: 300px) 100vw, 300px\" \/><\/a><figcaption id=\"caption-attachment-8799\" class=\"wp-caption-text\">Cr\u00e9dito: Victor Rocha\/Divulga\u00e7\u00e3o<\/figcaption><\/figure>\n<p>Para momentos com mais pessoas, destaque para a T\u00e1bua Chianti (R$ 260, 1,230 kg), que serve at\u00e9 tr\u00eas pessoas, com salame, lombo defumado, presunto jamon, queijo brie, gouda, parmes\u00e3o, pasta de ricota temperada, caviar de berinjela, pasta de tomate seco com am\u00eandoas, azeitona azapa em azeite temperado, p\u00e3o ciabatta de fermenta\u00e7\u00e3o natural, biscoito fibratto de tomate seco, mel, am\u00eandoas defumadas, damasco e uva sem semente.<\/p>\n<p>Ou ainda a T\u00e1bua Barolo (R$ 450, 2,050 kg) para at\u00e9 seis pessoas, composta por salame, lombo defumado, presunto jamon, copa, queijo brie, mussarela de b\u00fafala cereja, parmes\u00e3o, gorgonzola, molho pesto, pasta de ricota temperada, caviar de berinjela, pasta de tomate seco com am\u00eandoas, azeitona azapa em azeite temperado, p\u00e3o ciabatta de fermenta\u00e7\u00e3o natural, biscoito fibratto de tomate seco, biscoito fibratto de cacau e chocolate, am\u00eandoas defumadas, damasco, ameixa sem caro\u00e7o e uva natural sem semente.<\/p>\n<p>Op\u00e7\u00f5es e e pedidos pelo <a href=\"https:\/\/www.ifood.com.br\/delivery\/brasilia-df\/ticiana-werner-vinhos-asa-sul\/de9ca2b1-9f52-43e8-af70-f8e29d1b6afa\">link<\/a>. Mais informa\u00e7\u00f5es em: (61) 3226-9947.<\/p>\n","protected":false},"excerpt":{"rendered":"<p>Que tal uma noite de queijos e frios em casa com ingredientes frescos e uma apresenta\u00e7\u00e3o impec\u00e1vel? \u00c9 o que oferece o Restaurante Ticiana Werner e Wine Bar, na 201 Sul, com o card\u00e1pio exclusivo com sete tipos de t\u00e1buas de frios para entrega. H\u00e1 op\u00e7\u00f5es para todos os gostos e com diferentes tamanhos a partir de R$ 158. As [&hellip;]<\/p>\n","protected":false},"author":54,"featured_media":8798,"comment_status":"open","ping_status":"open","sticky":false,"template":"","format":"standard","meta":{"footnotes":""},"categories":[326],"tags":[577,1176,1175,1174],"class_list":["post-8797","post","type-post","status-publish","format-standard","has-post-thumbnail","hentry","category-restaurantes","tag-delivery","tag-entrega","tag-restaurante-ticiana-werner-e-wine-bar","tag-tabua-de-frios"],"_links":{"self":[{"href":"https:\/\/blogs.correiobraziliense.com.br\/lianasabo\/wp-json\/wp\/v2\/posts\/8797","targetHints":{"allow":["GET"]}}],"collection":[{"href":"https:\/\/blogs.correiobraziliense.com.br\/lianasabo\/wp-json\/wp\/v2\/posts"}],"about":[{"href":"https:\/\/blogs.correiobraziliense.com.br\/lianasabo\/wp-json\/wp\/v2\/types\/post"}],"author":[{"embeddable":true,"href":"https:\/\/blogs.correiobraziliense.com.br\/lianasabo\/wp-json\/wp\/v2\/users\/54"}],"replies":[{"embeddable":true,"href":"https:\/\/blogs.correiobraziliense.com.br\/lianasabo\/wp-json\/wp\/v2\/comments?post=8797"}],"version-history":[{"count":1,"href":"https:\/\/blogs.correiobraziliense.com.br\/lianasabo\/wp-json\/wp\/v2\/posts\/8797\/revisions"}],"predecessor-version":[{"id":8800,"href":"https:\/\/blogs.correiobraziliense.com.br\/lianasabo\/wp-json\/wp\/v2\/posts\/8797\/revisions\/8800"}],"wp:featuredmedia":[{"embeddable":true,"href":"https:\/\/blogs.correiobraziliense.com.br\/lianasabo\/wp-json\/wp\/v2\/media\/8798"}],"wp:attachment":[{"href":"https:\/\/blogs.correiobraziliense.com.br\/lianasabo\/wp-json\/wp\/v2\/media?parent=8797"}],"wp:term":[{"taxonomy":"category","embeddable":true,"href":"https:\/\/blogs.correiobraziliense.com.br\/lianasabo\/wp-json\/wp\/v2\/categories?post=8797"},{"taxonomy":"post_tag","embeddable":true,"href":"https:\/\/blogs.correiobraziliense.com.br\/lianasabo\/wp-json\/wp\/v2\/tags?post=8797"}],"curies":[{"name":"wp","href":"https:\/\/api.w.org\/{rel}","templated":true}]}}