{"id":8786,"date":"2024-09-20T06:32:54","date_gmt":"2024-09-20T09:32:54","guid":{"rendered":"https:\/\/blogs.correiobraziliense.com.br\/lianasabo\/?p=8786"},"modified":"2024-09-19T22:35:49","modified_gmt":"2024-09-20T01:35:49","slug":"a-garrafeira-celebra-o-dia-do-gaucho-com-culinaria-tipica","status":"publish","type":"post","link":"https:\/\/blogs.correiobraziliense.com.br\/lianasabo\/a-garrafeira-celebra-o-dia-do-gaucho-com-culinaria-tipica\/","title":{"rendered":"A Garrafeira celebra o Dia do Ga\u00facho com culin\u00e1ria t\u00edpica"},"content":{"rendered":"<p>\u00c9 hoje o dia mais importante do calend\u00e1rio do Rio Grande do Sul. Celebra o anivers\u00e1rio da Revolu\u00e7\u00e3o Farroupilha (1835-1845), cuja derrota para as for\u00e7as federadas o ga\u00facho sempre viu como vit\u00f3ria por ser forte, corajoso e guerreiro, marcas identit\u00e1rias que servem mais uma vez diante da calamidade clim\u00e1tica. Por isso todo o estado comemora o 20 de setembro como feriado.<\/p>\n<p>Aqui, a partir das 16h e at\u00e9 as 22h, a gauchada vai se reunir em torno da loja de vinhos A Garrafeira (215 Sul) para o chimarr\u00e3o com churrasco (picanha por R$ 49, costelinha su\u00edna por R$ 45, salame colonial R$ 30 a pe\u00e7a) e muitas outras iguarias, como arroz carreteiro, cuca e sagu de vinho. Passa l\u00e1!<\/p>\n","protected":false},"excerpt":{"rendered":"<p>\u00c9 hoje o dia mais importante do calend\u00e1rio do Rio Grande do Sul. Celebra o anivers\u00e1rio da Revolu\u00e7\u00e3o Farroupilha (1835-1845), cuja derrota para as for\u00e7as federadas o ga\u00facho sempre viu como vit\u00f3ria por ser forte, corajoso e guerreiro, marcas identit\u00e1rias que servem mais uma vez diante da calamidade clim\u00e1tica. Por isso todo o estado comemora o 20 de setembro como [&hellip;]<\/p>\n","protected":false},"author":54,"featured_media":8787,"comment_status":"open","ping_status":"open","sticky":false,"template":"","format":"standard","meta":{"footnotes":""},"categories":[222],"tags":[492,1171,425],"class_list":["post-8786","post","type-post","status-publish","format-standard","has-post-thumbnail","hentry","category-vinhos","tag-a-garrafeira","tag-dia-do-gaucho","tag-vinhos"],"_links":{"self":[{"href":"https:\/\/blogs.correiobraziliense.com.br\/lianasabo\/wp-json\/wp\/v2\/posts\/8786","targetHints":{"allow":["GET"]}}],"collection":[{"href":"https:\/\/blogs.correiobraziliense.com.br\/lianasabo\/wp-json\/wp\/v2\/posts"}],"about":[{"href":"https:\/\/blogs.correiobraziliense.com.br\/lianasabo\/wp-json\/wp\/v2\/types\/post"}],"author":[{"embeddable":true,"href":"https:\/\/blogs.correiobraziliense.com.br\/lianasabo\/wp-json\/wp\/v2\/users\/54"}],"replies":[{"embeddable":true,"href":"https:\/\/blogs.correiobraziliense.com.br\/lianasabo\/wp-json\/wp\/v2\/comments?post=8786"}],"version-history":[{"count":1,"href":"https:\/\/blogs.correiobraziliense.com.br\/lianasabo\/wp-json\/wp\/v2\/posts\/8786\/revisions"}],"predecessor-version":[{"id":8788,"href":"https:\/\/blogs.correiobraziliense.com.br\/lianasabo\/wp-json\/wp\/v2\/posts\/8786\/revisions\/8788"}],"wp:featuredmedia":[{"embeddable":true,"href":"https:\/\/blogs.correiobraziliense.com.br\/lianasabo\/wp-json\/wp\/v2\/media\/8787"}],"wp:attachment":[{"href":"https:\/\/blogs.correiobraziliense.com.br\/lianasabo\/wp-json\/wp\/v2\/media?parent=8786"}],"wp:term":[{"taxonomy":"category","embeddable":true,"href":"https:\/\/blogs.correiobraziliense.com.br\/lianasabo\/wp-json\/wp\/v2\/categories?post=8786"},{"taxonomy":"post_tag","embeddable":true,"href":"https:\/\/blogs.correiobraziliense.com.br\/lianasabo\/wp-json\/wp\/v2\/tags?post=8786"}],"curies":[{"name":"wp","href":"https:\/\/api.w.org\/{rel}","templated":true}]}}