{"id":8767,"date":"2024-09-13T10:21:13","date_gmt":"2024-09-13T13:21:13","guid":{"rendered":"https:\/\/blogs.correiobraziliense.com.br\/lianasabo\/?p=8767"},"modified":"2024-09-13T10:21:40","modified_gmt":"2024-09-13T13:21:40","slug":"premio-brasil-artesanal-de-mel-apresenta-os-10-melhores-produtores-da-iguaria-no-pais","status":"publish","type":"post","link":"https:\/\/blogs.correiobraziliense.com.br\/lianasabo\/premio-brasil-artesanal-de-mel-apresenta-os-10-melhores-produtores-da-iguaria-no-pais\/","title":{"rendered":"Pr\u00eamio Brasil Artesanal de Mel apresenta os 10 melhores produtores da iguaria no pa\u00eds"},"content":{"rendered":"<p><em>O resultado foi divulgado em cerim\u00f4nia em Bras\u00edlia, quando foram revelados os vencedores nas categorias mel claro e mel escuro<\/em><\/p>\n<p>O Pr\u00eamio CNA Brasil Artesanal de Mel divulgou, nesta semana, os 10 melhores produtos nas categorias mel claro e mel escuro. Foram contemplados na premia\u00e7\u00e3o produtores do Rio Grande do Sul, Minas Gerais, Santa Catarina, Bahia, Mato Grosso do Sul, Paran\u00e1 e Cear\u00e1. O resultado foi divulgado em cerim\u00f4nia realizada na sede da Confedera\u00e7\u00e3o da Agricultura e Pecu\u00e1ria do Brasil (CNA), em Bras\u00edlia, que celebrou os 10 anos do pr\u00eamio.<\/p>\n<p>O objetivo do concurso \u00e9 celebrar a cadeia produtiva do mel e os produtores rurais. \u201cO Sistema CNA\/Senar tem o compromisso de desenvolver a\u00e7\u00f5es para melhorar a vida do produtor rural brasileiro. Com essa inten\u00e7\u00e3o, criamos o Programa de Alimentos Artesanais e Tradicionais, para agregar valor aos produtos elaborados pelos pequenos e m\u00e9dios produtores\u201d, afirmou Jo\u00e3o Martins.<\/p>\n<p><strong>Vencedores<\/strong><\/p>\n<figure id=\"attachment_8769\" aria-describedby=\"caption-attachment-8769\" style=\"width: 700px\" class=\"wp-caption aligncenter\"><a href=\"https:\/\/blogs.correiobraziliense.com.br\/lianasabo\/wp-content\/uploads\/sites\/25\/2024\/09\/PBAMEL.jpg\"><img loading=\"lazy\" decoding=\"async\" class=\"size-full wp-image-8769\" src=\"https:\/\/blogs.correiobraziliense.com.br\/lianasabo\/wp-content\/uploads\/sites\/25\/2024\/09\/PBAMEL.jpg\" alt=\"\" width=\"700\" height=\"466\" srcset=\"https:\/\/blogs.correiobraziliense.com.br\/lianasabo\/wp-content\/uploads\/sites\/25\/2024\/09\/PBAMEL.jpg 700w, https:\/\/blogs.correiobraziliense.com.br\/lianasabo\/wp-content\/uploads\/sites\/25\/2024\/09\/PBAMEL-300x200.jpg 300w, https:\/\/blogs.correiobraziliense.com.br\/lianasabo\/wp-content\/uploads\/sites\/25\/2024\/09\/PBAMEL-550x366.jpg 550w, https:\/\/blogs.correiobraziliense.com.br\/lianasabo\/wp-content\/uploads\/sites\/25\/2024\/09\/PBAMEL-230x153.jpg 230w\" sizes=\"auto, (max-width: 700px) 100vw, 700px\" \/><\/a><figcaption id=\"caption-attachment-8769\" class=\"wp-caption-text\">Cr\u00e9dito: CNA\/Divulga\u00e7\u00e3o<\/figcaption><\/figure>\n<p>Na categoria de mel claro, o primeiro lugar ficou para a produtora rural Adriana de Bortoli, do Api\u00e1rio M\u00e1ximo, no munic\u00edpio de Jaquirana (RS). Na segunda posi\u00e7\u00e3o ficou o produtor Nivaldo Alves da Silva, do Api\u00e1rio Sul de Minas, de Itajub\u00e1 (MG). O terceiro lugar foi para Verno Lu\u00eds, propriet\u00e1rios do Mel Tr\u00eas Coqueiros, no munic\u00edpio de Maravilha (SC).<\/p>\n<p>O vencedor da categoria de mel escuro foi o produtor rural Valdinei da Concei\u00e7\u00e3o, do Mel Pantaneiro, de Corumb\u00e1 (MS). A segunda posi\u00e7\u00e3o foi conquistada pelo produtor Tiago Tineli, da Tineli Apicultura, de Salto Veloso (SC). A terceira posi\u00e7\u00e3o ficou para a produtora Fernanda Cordova, do Api\u00e1rio Rainha da Serra, do munic\u00edpio de Lages (SC).<\/p>\n<p><strong>MEL CLARO<\/strong><br \/>\n1\u00ba Lugar: Apicultura do M\u00e1ximo (RS)<br \/>\n2\u00ba Lugar: Api\u00e1rio Sul de Minas (MG)<br \/>\n3\u00ba Lugar: Api\u00e1rio Tr\u00eas Coqueiros (SC)<br \/>\n4\u00ba Lugar: Api\u00e1rio Cambar\u00e1 (RS)<br \/>\n5\u00ba Lugar: Api\u00e1rio ApisBc (BA)<\/p>\n<p><strong>MEL ESCURO<\/strong><br \/>\n1\u00ba Lugar: Mel Pantaneiro (MS)<br \/>\n2\u00ba Lugar: Tineli Apicultura (SC)<br \/>\n3\u00ba Lugar: Api\u00e1rio Rainha da Serra (SC)<br \/>\n4\u00ba Lugar: Api\u00e1rio Venturin (PR)<br \/>\n5\u00ba Lugar: Api\u00e1rio S\u00e3o Jos\u00e9 (CE)<\/p>\n","protected":false},"excerpt":{"rendered":"<p>O resultado foi divulgado em cerim\u00f4nia em Bras\u00edlia, quando foram revelados os vencedores nas categorias mel claro e mel escuro<\/p>\n","protected":false},"author":54,"featured_media":8768,"comment_status":"open","ping_status":"open","sticky":false,"template":"","format":"standard","meta":{"footnotes":""},"categories":[1],"tags":[],"class_list":["post-8767","post","type-post","status-publish","format-standard","has-post-thumbnail","hentry","category-sem-categoria"],"_links":{"self":[{"href":"https:\/\/blogs.correiobraziliense.com.br\/lianasabo\/wp-json\/wp\/v2\/posts\/8767","targetHints":{"allow":["GET"]}}],"collection":[{"href":"https:\/\/blogs.correiobraziliense.com.br\/lianasabo\/wp-json\/wp\/v2\/posts"}],"about":[{"href":"https:\/\/blogs.correiobraziliense.com.br\/lianasabo\/wp-json\/wp\/v2\/types\/post"}],"author":[{"embeddable":true,"href":"https:\/\/blogs.correiobraziliense.com.br\/lianasabo\/wp-json\/wp\/v2\/users\/54"}],"replies":[{"embeddable":true,"href":"https:\/\/blogs.correiobraziliense.com.br\/lianasabo\/wp-json\/wp\/v2\/comments?post=8767"}],"version-history":[{"count":2,"href":"https:\/\/blogs.correiobraziliense.com.br\/lianasabo\/wp-json\/wp\/v2\/posts\/8767\/revisions"}],"predecessor-version":[{"id":8771,"href":"https:\/\/blogs.correiobraziliense.com.br\/lianasabo\/wp-json\/wp\/v2\/posts\/8767\/revisions\/8771"}],"wp:featuredmedia":[{"embeddable":true,"href":"https:\/\/blogs.correiobraziliense.com.br\/lianasabo\/wp-json\/wp\/v2\/media\/8768"}],"wp:attachment":[{"href":"https:\/\/blogs.correiobraziliense.com.br\/lianasabo\/wp-json\/wp\/v2\/media?parent=8767"}],"wp:term":[{"taxonomy":"category","embeddable":true,"href":"https:\/\/blogs.correiobraziliense.com.br\/lianasabo\/wp-json\/wp\/v2\/categories?post=8767"},{"taxonomy":"post_tag","embeddable":true,"href":"https:\/\/blogs.correiobraziliense.com.br\/lianasabo\/wp-json\/wp\/v2\/tags?post=8767"}],"curies":[{"name":"wp","href":"https:\/\/api.w.org\/{rel}","templated":true}]}}