{"id":8750,"date":"2024-09-06T06:19:56","date_gmt":"2024-09-06T09:19:56","guid":{"rendered":"https:\/\/blogs.correiobraziliense.com.br\/lianasabo\/?p=8750"},"modified":"2024-09-06T00:24:36","modified_gmt":"2024-09-06T03:24:36","slug":"amitie-lanca-novos-rotulos-de-vinhos-barricados","status":"publish","type":"post","link":"https:\/\/blogs.correiobraziliense.com.br\/lianasabo\/amitie-lanca-novos-rotulos-de-vinhos-barricados\/","title":{"rendered":"Amiti\u00e9 lan\u00e7a novos r\u00f3tulos de vinhos barricados"},"content":{"rendered":"<figure id=\"attachment_8752\" aria-describedby=\"caption-attachment-8752\" style=\"width: 200px\" class=\"wp-caption alignleft\"><a href=\"https:\/\/blogs.correiobraziliense.com.br\/lianasabo\/wp-content\/uploads\/sites\/25\/2024\/09\/image008.png\"><img loading=\"lazy\" decoding=\"async\" class=\"size-medium wp-image-8752\" src=\"https:\/\/blogs.correiobraziliense.com.br\/lianasabo\/wp-content\/uploads\/sites\/25\/2024\/09\/image008-200x300.png\" alt=\"\" width=\"200\" height=\"300\" srcset=\"https:\/\/blogs.correiobraziliense.com.br\/lianasabo\/wp-content\/uploads\/sites\/25\/2024\/09\/image008-200x300.png 200w, https:\/\/blogs.correiobraziliense.com.br\/lianasabo\/wp-content\/uploads\/sites\/25\/2024\/09\/image008-230x346.png 230w, https:\/\/blogs.correiobraziliense.com.br\/lianasabo\/wp-content\/uploads\/sites\/25\/2024\/09\/image008.png 326w\" sizes=\"auto, (max-width: 200px) 100vw, 200px\" \/><\/a><figcaption id=\"caption-attachment-8752\" class=\"wp-caption-text\">Cr\u00e9dito; Amiti\u00e9\/Divulga\u00e7\u00e3o<\/figcaption><\/figure>\n<p>Com o objetivo de surpreender os amantes do vinho e apresentar novidades a en\u00f3loga Juciane Casagrande e a sommeli\u00e8re Andreia Gentilini, dupla ga\u00facha que criou a marca Amiti\u00e9, lan\u00e7ou dois novos produtos da linha Oak Barrel: Montepulciano, uva pouco cultivada no Brasil e Pinot Noir, variedade delicada e complexa. Ambos passaram oito meses em barricas de carvalho.<\/p>\n<p>Os lan\u00e7amentos se juntam a dois brancos premiad\u00edssimos: Amiti\u00e9 Oak Barrel Chardonnay e Amiti\u00e9 Oak Barrel Viognier, que inauguram a linha. \u201cUm dos desafios \u00e9 definir o tempo de barrica adequado para o perfil de cada uva\u201d, observa a en\u00f3loga. Os vinhos s\u00e3o comercializados individualmente ou na vers\u00e3o box, caixa de madeira com as quatro garrafas por R$ 732. Informa\u00e7\u00f5es: <a href=\"https:\/\/www.amitieloja.com.br\/\">www.amitieloja.com.br<\/a>.<\/p>\n","protected":false},"excerpt":{"rendered":"<p>Com o objetivo de surpreender os amantes do vinho e apresentar novidades a en\u00f3loga Juciane Casagrande e a sommeli\u00e8re Andreia Gentilini, dupla ga\u00facha que criou a marca Amiti\u00e9, lan\u00e7ou dois novos produtos da linha Oak Barrel: Montepulciano, uva pouco cultivada no Brasil e Pinot Noir, variedade delicada e complexa. Ambos passaram oito meses em barricas de carvalho. Os lan\u00e7amentos se [&hellip;]<\/p>\n","protected":false},"author":54,"featured_media":8751,"comment_status":"open","ping_status":"open","sticky":false,"template":"","format":"standard","meta":{"footnotes":""},"categories":[222],"tags":[],"class_list":["post-8750","post","type-post","status-publish","format-standard","has-post-thumbnail","hentry","category-vinhos"],"_links":{"self":[{"href":"https:\/\/blogs.correiobraziliense.com.br\/lianasabo\/wp-json\/wp\/v2\/posts\/8750","targetHints":{"allow":["GET"]}}],"collection":[{"href":"https:\/\/blogs.correiobraziliense.com.br\/lianasabo\/wp-json\/wp\/v2\/posts"}],"about":[{"href":"https:\/\/blogs.correiobraziliense.com.br\/lianasabo\/wp-json\/wp\/v2\/types\/post"}],"author":[{"embeddable":true,"href":"https:\/\/blogs.correiobraziliense.com.br\/lianasabo\/wp-json\/wp\/v2\/users\/54"}],"replies":[{"embeddable":true,"href":"https:\/\/blogs.correiobraziliense.com.br\/lianasabo\/wp-json\/wp\/v2\/comments?post=8750"}],"version-history":[{"count":1,"href":"https:\/\/blogs.correiobraziliense.com.br\/lianasabo\/wp-json\/wp\/v2\/posts\/8750\/revisions"}],"predecessor-version":[{"id":8753,"href":"https:\/\/blogs.correiobraziliense.com.br\/lianasabo\/wp-json\/wp\/v2\/posts\/8750\/revisions\/8753"}],"wp:featuredmedia":[{"embeddable":true,"href":"https:\/\/blogs.correiobraziliense.com.br\/lianasabo\/wp-json\/wp\/v2\/media\/8751"}],"wp:attachment":[{"href":"https:\/\/blogs.correiobraziliense.com.br\/lianasabo\/wp-json\/wp\/v2\/media?parent=8750"}],"wp:term":[{"taxonomy":"category","embeddable":true,"href":"https:\/\/blogs.correiobraziliense.com.br\/lianasabo\/wp-json\/wp\/v2\/categories?post=8750"},{"taxonomy":"post_tag","embeddable":true,"href":"https:\/\/blogs.correiobraziliense.com.br\/lianasabo\/wp-json\/wp\/v2\/tags?post=8750"}],"curies":[{"name":"wp","href":"https:\/\/api.w.org\/{rel}","templated":true}]}}