{"id":8734,"date":"2024-08-30T06:01:19","date_gmt":"2024-08-30T09:01:19","guid":{"rendered":"https:\/\/blogs.correiobraziliense.com.br\/lianasabo\/?p=8734"},"modified":"2024-08-29T16:03:56","modified_gmt":"2024-08-29T19:03:56","slug":"cardapio-do-nino-cucina-passa-a-ser-assinado-por-marco-renzetti","status":"publish","type":"post","link":"https:\/\/blogs.correiobraziliense.com.br\/lianasabo\/cardapio-do-nino-cucina-passa-a-ser-assinado-por-marco-renzetti\/","title":{"rendered":"Card\u00e1pio do Nino Cucina passa a ser assinado por Marco Renzetti"},"content":{"rendered":"<p>Instalado h\u00e1 um ano na esquina de baixo da 403 Sul, o restaurante Nino de cozinha italiana trocou de chef pela terceira vez. A partir de agora, o card\u00e1pio passa a ser assinado pelo romano Marco Renzetti, de 50 anos, que acaba de assumir a gastronomia do Nino Cucina, marca pertencente ao grupo Alife Nino, presente em quatro capitais &#8211; S\u00e3o Paulo, Rio de Janeiro, Belo Horizonte, Goi\u00e2nia -, al\u00e9m de Bras\u00edlia.<\/p>\n<figure id=\"attachment_8735\" aria-describedby=\"caption-attachment-8735\" style=\"width: 640px\" class=\"wp-caption aligncenter\"><a href=\"https:\/\/blogs.correiobraziliense.com.br\/lianasabo\/wp-content\/uploads\/sites\/25\/2024\/08\/image2.jpeg\"><img loading=\"lazy\" decoding=\"async\" class=\"size-full wp-image-8735\" src=\"https:\/\/blogs.correiobraziliense.com.br\/lianasabo\/wp-content\/uploads\/sites\/25\/2024\/08\/image2.jpeg\" alt=\"\" width=\"640\" height=\"428\" srcset=\"https:\/\/blogs.correiobraziliense.com.br\/lianasabo\/wp-content\/uploads\/sites\/25\/2024\/08\/image2.jpeg 640w, https:\/\/blogs.correiobraziliense.com.br\/lianasabo\/wp-content\/uploads\/sites\/25\/2024\/08\/image2-300x201.jpeg 300w, https:\/\/blogs.correiobraziliense.com.br\/lianasabo\/wp-content\/uploads\/sites\/25\/2024\/08\/image2-550x368.jpeg 550w, https:\/\/blogs.correiobraziliense.com.br\/lianasabo\/wp-content\/uploads\/sites\/25\/2024\/08\/image2-230x154.jpeg 230w\" sizes=\"auto, (max-width: 640px) 100vw, 640px\" \/><\/a><figcaption id=\"caption-attachment-8735\" class=\"wp-caption-text\">Cr\u00e9dito: Nathalia Brito\/Divulga\u00e7\u00e3o<\/figcaption><\/figure>\n<p>Dono do premiado Farme de apenas 20 lugares na capital paulista, Renzetti vem implementar card\u00e1pio \u201cmais sustent\u00e1vel com pouca gordura em pratos de estilo italiano\u201d, informou o chef, casado com a brasileira Erika, com que teve uma trattoria na Bol\u00edvia. Na estreia na capital, apresentou caponata de berinjela e ab\u00f3bora, arancini, nhoque fresco com creme de grana padano, cavatelli ao molho amatriciana, brasato de vitelo e torta caprese.<\/p>\n","protected":false},"excerpt":{"rendered":"<p>Instalado h\u00e1 um ano na esquina de baixo da 403 Sul, o restaurante Nino de cozinha italiana trocou de chef pela terceira vez. A partir de agora, o card\u00e1pio passa a ser assinado pelo romano Marco Renzetti, de 50 anos, que acaba de assumir a gastronomia do Nino Cucina, marca pertencente ao grupo Alife Nino, presente em quatro capitais &#8211; [&hellip;]<\/p>\n","protected":false},"author":54,"featured_media":8736,"comment_status":"open","ping_status":"open","sticky":false,"template":"","format":"standard","meta":{"footnotes":""},"categories":[326],"tags":[1160,821],"class_list":["post-8734","post","type-post","status-publish","format-standard","has-post-thumbnail","hentry","category-restaurantes","tag-marco-renzetti","tag-nino"],"_links":{"self":[{"href":"https:\/\/blogs.correiobraziliense.com.br\/lianasabo\/wp-json\/wp\/v2\/posts\/8734","targetHints":{"allow":["GET"]}}],"collection":[{"href":"https:\/\/blogs.correiobraziliense.com.br\/lianasabo\/wp-json\/wp\/v2\/posts"}],"about":[{"href":"https:\/\/blogs.correiobraziliense.com.br\/lianasabo\/wp-json\/wp\/v2\/types\/post"}],"author":[{"embeddable":true,"href":"https:\/\/blogs.correiobraziliense.com.br\/lianasabo\/wp-json\/wp\/v2\/users\/54"}],"replies":[{"embeddable":true,"href":"https:\/\/blogs.correiobraziliense.com.br\/lianasabo\/wp-json\/wp\/v2\/comments?post=8734"}],"version-history":[{"count":1,"href":"https:\/\/blogs.correiobraziliense.com.br\/lianasabo\/wp-json\/wp\/v2\/posts\/8734\/revisions"}],"predecessor-version":[{"id":8737,"href":"https:\/\/blogs.correiobraziliense.com.br\/lianasabo\/wp-json\/wp\/v2\/posts\/8734\/revisions\/8737"}],"wp:featuredmedia":[{"embeddable":true,"href":"https:\/\/blogs.correiobraziliense.com.br\/lianasabo\/wp-json\/wp\/v2\/media\/8736"}],"wp:attachment":[{"href":"https:\/\/blogs.correiobraziliense.com.br\/lianasabo\/wp-json\/wp\/v2\/media?parent=8734"}],"wp:term":[{"taxonomy":"category","embeddable":true,"href":"https:\/\/blogs.correiobraziliense.com.br\/lianasabo\/wp-json\/wp\/v2\/categories?post=8734"},{"taxonomy":"post_tag","embeddable":true,"href":"https:\/\/blogs.correiobraziliense.com.br\/lianasabo\/wp-json\/wp\/v2\/tags?post=8734"}],"curies":[{"name":"wp","href":"https:\/\/api.w.org\/{rel}","templated":true}]}}