{"id":8707,"date":"2024-08-27T10:27:21","date_gmt":"2024-08-27T13:27:21","guid":{"rendered":"https:\/\/blogs.correiobraziliense.com.br\/lianasabo\/?p=8707"},"modified":"2024-08-27T10:27:21","modified_gmt":"2024-08-27T13:27:21","slug":"jantar-fara-a-apresentacao-de-tour-pela-sicilia-e-malta-em-2025","status":"publish","type":"post","link":"https:\/\/blogs.correiobraziliense.com.br\/lianasabo\/jantar-fara-a-apresentacao-de-tour-pela-sicilia-e-malta-em-2025\/","title":{"rendered":"Jantar far\u00e1 a apresenta\u00e7\u00e3o de tour pela Sic\u00edlia e Malta em 2025"},"content":{"rendered":"<p><em>O evento ser\u00e1 na quarta-feira (28) no Restaurante Pecorino<\/em><\/p>\n<p>Que tal conhecer mais sobre a cultura e a gastronomia das ilhas de Sic\u00edlia e de Malta, na It\u00e1lia? Essa oportunidade ser\u00e1 apresentada no jantar promovido pela Monardo Caf\u00e9 &amp; Viagens nesta quarta-feira (28), \u00e0s 19h30, no Restaurante Pecorino do Park Shopping. O evento marca o lan\u00e7amento da Tour Sic\u00edlia &amp; Malta programada para ocorrer entre 15 e 26 de maio de 2025.<\/p>\n<p>O jantar ser\u00e1 conduzido pelo chef Marco Bezerra que far\u00e1 um menu com pratos t\u00edpicos das regi\u00f5es mediterr\u00e2neas, com op\u00e7\u00f5es como arancini Siciliani al rag\u00fa e a granita di fragole con panna. Tamb\u00e9m estar\u00e3o presentes o embaixador de Malta no Brasil, John Aquilina, e o c\u00f4nsul da It\u00e1lia, Andrea Desogus.<\/p>\n<p>As reservas s\u00e3o limitadas e podem ser feitas pelo WhatsApp: (61) 98100-7908. Pre\u00e7o de R$ 140, por pessoa. Mais informa\u00e7\u00f5es sobre a viagem pelo telefone: (61) 99971-7349.<\/p>\n<p><iframe loading=\"lazy\" title=\"Mensagem do Embaixador de Malta no Brasil para o jantar de apresenta\u00e7\u00e3o do &quot;Tour Sicilia &amp; Malta&quot;\" width=\"1440\" height=\"810\" src=\"https:\/\/www.youtube.com\/embed\/RAVnlGFC8UY?feature=oembed\" frameborder=\"0\" allow=\"accelerometer; autoplay; clipboard-write; encrypted-media; gyroscope; picture-in-picture; web-share\" referrerpolicy=\"strict-origin-when-cross-origin\" allowfullscreen><\/iframe><\/p>\n","protected":false},"excerpt":{"rendered":"<p>O evento ser\u00e1 na quarta-feira (28) no Restaurante Pecorino<\/p>\n","protected":false},"author":54,"featured_media":8708,"comment_status":"open","ping_status":"open","sticky":false,"template":"","format":"standard","meta":{"footnotes":""},"categories":[486],"tags":[526,1152,1153,82,1151,1154],"class_list":["post-8707","post","type-post","status-publish","format-standard","has-post-thumbnail","hentry","category-evento","tag-jantar","tag-malta","tag-monardo-cafe","tag-pecorino","tag-sicilia","tag-viagem"],"_links":{"self":[{"href":"https:\/\/blogs.correiobraziliense.com.br\/lianasabo\/wp-json\/wp\/v2\/posts\/8707","targetHints":{"allow":["GET"]}}],"collection":[{"href":"https:\/\/blogs.correiobraziliense.com.br\/lianasabo\/wp-json\/wp\/v2\/posts"}],"about":[{"href":"https:\/\/blogs.correiobraziliense.com.br\/lianasabo\/wp-json\/wp\/v2\/types\/post"}],"author":[{"embeddable":true,"href":"https:\/\/blogs.correiobraziliense.com.br\/lianasabo\/wp-json\/wp\/v2\/users\/54"}],"replies":[{"embeddable":true,"href":"https:\/\/blogs.correiobraziliense.com.br\/lianasabo\/wp-json\/wp\/v2\/comments?post=8707"}],"version-history":[{"count":1,"href":"https:\/\/blogs.correiobraziliense.com.br\/lianasabo\/wp-json\/wp\/v2\/posts\/8707\/revisions"}],"predecessor-version":[{"id":8709,"href":"https:\/\/blogs.correiobraziliense.com.br\/lianasabo\/wp-json\/wp\/v2\/posts\/8707\/revisions\/8709"}],"wp:featuredmedia":[{"embeddable":true,"href":"https:\/\/blogs.correiobraziliense.com.br\/lianasabo\/wp-json\/wp\/v2\/media\/8708"}],"wp:attachment":[{"href":"https:\/\/blogs.correiobraziliense.com.br\/lianasabo\/wp-json\/wp\/v2\/media?parent=8707"}],"wp:term":[{"taxonomy":"category","embeddable":true,"href":"https:\/\/blogs.correiobraziliense.com.br\/lianasabo\/wp-json\/wp\/v2\/categories?post=8707"},{"taxonomy":"post_tag","embeddable":true,"href":"https:\/\/blogs.correiobraziliense.com.br\/lianasabo\/wp-json\/wp\/v2\/tags?post=8707"}],"curies":[{"name":"wp","href":"https:\/\/api.w.org\/{rel}","templated":true}]}}