{"id":8675,"date":"2024-08-16T09:42:37","date_gmt":"2024-08-16T12:42:37","guid":{"rendered":"https:\/\/blogs.correiobraziliense.com.br\/lianasabo\/?p=8675"},"modified":"2024-08-16T09:42:37","modified_gmt":"2024-08-16T12:42:37","slug":"chef-sauro-scarabotta-vai-comandar-a-gastronomia-brasileira-nas-paralimpiadas-de-paris","status":"publish","type":"post","link":"https:\/\/blogs.correiobraziliense.com.br\/lianasabo\/chef-sauro-scarabotta-vai-comandar-a-gastronomia-brasileira-nas-paralimpiadas-de-paris\/","title":{"rendered":"Chef Sauro Scarabotta vai comandar a gastronomia brasileira nas Paralimp\u00edadas de Paris"},"content":{"rendered":"<p>O chef italiano radicado em S\u00e3o Paulo Sauro Scarabotta, que passou por Bras\u00edlia h\u00e1 duas semanas para pilotar no Bottega Mia com Ville della Penna jantar tem\u00e1tico focado nos sabores da Umbria, onde nasceu, j\u00e1 est\u00e1 na Fran\u00e7a. Ele \u00e9 respons\u00e1vel pela equipe de catering da delega\u00e7\u00e3o brasileira nas Paralimp\u00edadas de Paris.<\/p>\n<p>Antes de entrar na Vila Ol\u00edmpica, \u201ca delega\u00e7\u00e3o escolheu a cidade de Troyes, pr\u00f3xima a Paris, onde tem um \u00f3timo centro de treinamento, para cumprir o per\u00edodo de aclimata\u00e7\u00e3o e adapta\u00e7\u00e3o dos paratletas\u201d, informou o chef por whatsapp.<\/p>\n<p>No card\u00e1pio, arroz, feij\u00e3o e farofa sempre. Entre as prote\u00ednas predomina a carne vermelha, outras branca e peixe. Legumes, folhas e tomates n\u00e3o faltam, al\u00e9m de frutas, castanhas e sobremesas de alguns ingredientes, como goiabada, que vieram do Brasil, completou o chef. Bom desempenho a todos!<\/p>\n","protected":false},"excerpt":{"rendered":"<p>O chef italiano radicado em S\u00e3o Paulo Sauro Scarabotta, que passou por Bras\u00edlia h\u00e1 duas semanas para pilotar no Bottega Mia com Ville della Penna jantar tem\u00e1tico focado nos sabores da Umbria, onde nasceu, j\u00e1 est\u00e1 na Fran\u00e7a. Ele \u00e9 respons\u00e1vel pela equipe de catering da delega\u00e7\u00e3o brasileira nas Paralimp\u00edadas de Paris. Antes de entrar na Vila Ol\u00edmpica, \u201ca delega\u00e7\u00e3o [&hellip;]<\/p>\n","protected":false},"author":54,"featured_media":8676,"comment_status":"open","ping_status":"open","sticky":false,"template":"","format":"standard","meta":{"footnotes":""},"categories":[486],"tags":[1147,1148],"class_list":["post-8675","post","type-post","status-publish","format-standard","has-post-thumbnail","hentry","category-evento","tag-paralimpiadas-de-paris","tag-sauro-scarabotta"],"_links":{"self":[{"href":"https:\/\/blogs.correiobraziliense.com.br\/lianasabo\/wp-json\/wp\/v2\/posts\/8675","targetHints":{"allow":["GET"]}}],"collection":[{"href":"https:\/\/blogs.correiobraziliense.com.br\/lianasabo\/wp-json\/wp\/v2\/posts"}],"about":[{"href":"https:\/\/blogs.correiobraziliense.com.br\/lianasabo\/wp-json\/wp\/v2\/types\/post"}],"author":[{"embeddable":true,"href":"https:\/\/blogs.correiobraziliense.com.br\/lianasabo\/wp-json\/wp\/v2\/users\/54"}],"replies":[{"embeddable":true,"href":"https:\/\/blogs.correiobraziliense.com.br\/lianasabo\/wp-json\/wp\/v2\/comments?post=8675"}],"version-history":[{"count":1,"href":"https:\/\/blogs.correiobraziliense.com.br\/lianasabo\/wp-json\/wp\/v2\/posts\/8675\/revisions"}],"predecessor-version":[{"id":8677,"href":"https:\/\/blogs.correiobraziliense.com.br\/lianasabo\/wp-json\/wp\/v2\/posts\/8675\/revisions\/8677"}],"wp:featuredmedia":[{"embeddable":true,"href":"https:\/\/blogs.correiobraziliense.com.br\/lianasabo\/wp-json\/wp\/v2\/media\/8676"}],"wp:attachment":[{"href":"https:\/\/blogs.correiobraziliense.com.br\/lianasabo\/wp-json\/wp\/v2\/media?parent=8675"}],"wp:term":[{"taxonomy":"category","embeddable":true,"href":"https:\/\/blogs.correiobraziliense.com.br\/lianasabo\/wp-json\/wp\/v2\/categories?post=8675"},{"taxonomy":"post_tag","embeddable":true,"href":"https:\/\/blogs.correiobraziliense.com.br\/lianasabo\/wp-json\/wp\/v2\/tags?post=8675"}],"curies":[{"name":"wp","href":"https:\/\/api.w.org\/{rel}","templated":true}]}}