{"id":8653,"date":"2024-08-09T06:01:58","date_gmt":"2024-08-09T09:01:58","guid":{"rendered":"https:\/\/blogs.correiobraziliense.com.br\/lianasabo\/?p=8653"},"modified":"2024-08-07T16:32:35","modified_gmt":"2024-08-07T19:32:35","slug":"myriam-carvalho-destaca-a-importancia-do-pai-em-sua-trajetoria-profissional","status":"publish","type":"post","link":"https:\/\/blogs.correiobraziliense.com.br\/lianasabo\/myriam-carvalho-destaca-a-importancia-do-pai-em-sua-trajetoria-profissional\/","title":{"rendered":"Myriam Carvalho destaca a import\u00e2ncia do pai em sua trajet\u00f3ria profissional"},"content":{"rendered":"<p><em>A chef de cozinha diz que Gilberto Carvalho a ajuda de muitas formas, seja fornecendo mat\u00e9ria prima, seja dando suporte emocional aos projetos<\/em><\/p>\n<p>Se h\u00e1 chef de cozinha com raz\u00f5es de sobra para homenagear o pai neste domingo \u00e9 Myriam Carvalho. Envolvida na sua mais nova opera\u00e7\u00e3o, a Deli, instalada na 408 Norte, Bloco A, a chef ainda d\u00e1 consultoria para a vizinha Pinella, onde elaborou o card\u00e1pio de petiscos. Fica quase defronte ao bistr\u00f4, comandado por ela e pelo marido Thiago Martins, ex-gerente de alimentos e bebidas do B Hotel.<\/p>\n<p>Todas as vezes que trabalhou por conta pr\u00f3pria, Myriam contou com o forte aporte do pai, Gilberto Carvalho, dono de uma propriedade no Altiplano Leste, onde reside e pratica agricultura sustent\u00e1vel. \u201cA cada nova semana, ele me traz ovos e galinha caipira, tomate-cereja, folhagens e ervas, como salsa, alecrim e tomilho\u201d, relata a filha de Gilbertinho, como \u00e9 conhecido o profissional, que j\u00e1 exerceu in\u00fameros cargos na administra\u00e7\u00e3o federal e agora toca um projeto agr\u00edcola de economia solid\u00e1ria no Minist\u00e9rio do Trabalho.<\/p>\n<p>\u201cA contribui\u00e7\u00e3o que meu pai faz para a Deli vai muito al\u00e9m do valor da mat\u00e9ria prima e do fato dela ser cultivada de forma org\u00e2nica. \u00c9 um gesto de afeto e de muito amor para eu jamais perder a f\u00e9 e a coragem diante das dificuldades da vida\u201d, atesta Myriam Carvalho.<\/p>\n<p><strong>Queijo artesanal<\/strong><\/p>\n<figure id=\"attachment_8655\" aria-describedby=\"caption-attachment-8655\" style=\"width: 225px\" class=\"wp-caption alignleft\"><a href=\"https:\/\/blogs.correiobraziliense.com.br\/lianasabo\/wp-content\/uploads\/sites\/25\/2024\/08\/WhatsApp-Image-2024-08-06-at-07.00.57.jpeg\"><img loading=\"lazy\" decoding=\"async\" class=\"size-medium wp-image-8655\" src=\"https:\/\/blogs.correiobraziliense.com.br\/lianasabo\/wp-content\/uploads\/sites\/25\/2024\/08\/WhatsApp-Image-2024-08-06-at-07.00.57-225x300.jpeg\" alt=\"\" width=\"225\" height=\"300\" srcset=\"https:\/\/blogs.correiobraziliense.com.br\/lianasabo\/wp-content\/uploads\/sites\/25\/2024\/08\/WhatsApp-Image-2024-08-06-at-07.00.57-225x300.jpeg 225w, https:\/\/blogs.correiobraziliense.com.br\/lianasabo\/wp-content\/uploads\/sites\/25\/2024\/08\/WhatsApp-Image-2024-08-06-at-07.00.57-768x1024.jpeg 768w, https:\/\/blogs.correiobraziliense.com.br\/lianasabo\/wp-content\/uploads\/sites\/25\/2024\/08\/WhatsApp-Image-2024-08-06-at-07.00.57.jpeg 800w, https:\/\/blogs.correiobraziliense.com.br\/lianasabo\/wp-content\/uploads\/sites\/25\/2024\/08\/WhatsApp-Image-2024-08-06-at-07.00.57-550x734.jpeg 550w, https:\/\/blogs.correiobraziliense.com.br\/lianasabo\/wp-content\/uploads\/sites\/25\/2024\/08\/WhatsApp-Image-2024-08-06-at-07.00.57-230x307.jpeg 230w\" sizes=\"auto, (max-width: 225px) 100vw, 225px\" \/><\/a><figcaption id=\"caption-attachment-8655\" class=\"wp-caption-text\">T\u00e1bua de frios e queijos da Serra do B\u00e1lsamo. Cr\u00e9dito: Deli\/Divulga\u00e7\u00e3o<\/figcaption><\/figure>\n<p>Feito com leite cru e massa semi cozida o premiado queijo da Serra do B\u00e1lsamo, interior de Goi\u00e1s, maturado em caverna \u00e9 um diferencial da casa, onde \u00e9 servido de muitas maneiras: em lascas na polenta cremosa ao molho de frango caipira; como mix no recheio de palitinhos de pastel e numa t\u00e1bua especial com antepastos e p\u00e3o, uma das atra\u00e7\u00f5es do card\u00e1pio que oferece saladas e sandu\u00edches. Voc\u00ea tamb\u00e9m pode levar o queijo vendido em unidade.<\/p>\n<figure id=\"attachment_8656\" aria-describedby=\"caption-attachment-8656\" style=\"width: 200px\" class=\"wp-caption alignright\"><a href=\"https:\/\/blogs.correiobraziliense.com.br\/lianasabo\/wp-content\/uploads\/sites\/25\/2024\/08\/WhatsApp-Image-2024-08-06-at-07.00.38.jpeg\"><img loading=\"lazy\" decoding=\"async\" class=\"size-medium wp-image-8656\" src=\"https:\/\/blogs.correiobraziliense.com.br\/lianasabo\/wp-content\/uploads\/sites\/25\/2024\/08\/WhatsApp-Image-2024-08-06-at-07.00.38-200x300.jpeg\" alt=\"\" width=\"200\" height=\"300\" srcset=\"https:\/\/blogs.correiobraziliense.com.br\/lianasabo\/wp-content\/uploads\/sites\/25\/2024\/08\/WhatsApp-Image-2024-08-06-at-07.00.38-200x300.jpeg 200w, https:\/\/blogs.correiobraziliense.com.br\/lianasabo\/wp-content\/uploads\/sites\/25\/2024\/08\/WhatsApp-Image-2024-08-06-at-07.00.38-768x1153.jpeg 768w, https:\/\/blogs.correiobraziliense.com.br\/lianasabo\/wp-content\/uploads\/sites\/25\/2024\/08\/WhatsApp-Image-2024-08-06-at-07.00.38-682x1024.jpeg 682w, https:\/\/blogs.correiobraziliense.com.br\/lianasabo\/wp-content\/uploads\/sites\/25\/2024\/08\/WhatsApp-Image-2024-08-06-at-07.00.38.jpeg 800w, https:\/\/blogs.correiobraziliense.com.br\/lianasabo\/wp-content\/uploads\/sites\/25\/2024\/08\/WhatsApp-Image-2024-08-06-at-07.00.38-550x826.jpeg 550w, https:\/\/blogs.correiobraziliense.com.br\/lianasabo\/wp-content\/uploads\/sites\/25\/2024\/08\/WhatsApp-Image-2024-08-06-at-07.00.38-230x345.jpeg 230w\" sizes=\"auto, (max-width: 200px) 100vw, 200px\" \/><\/a><figcaption id=\"caption-attachment-8656\" class=\"wp-caption-text\">Fettuccine ao molho pesto, tomate cereja e mu\u00e7arela de b\u00fafala. Cr\u00e9dito: Deli\/Divulga\u00e7\u00e3o<\/figcaption><\/figure>\n<p>Enxuto o menu apresenta sugest\u00f5es de pratos quentes por menos de R$ 50 reais: polpetone de carne ao molho de tomate, gratinado com mu\u00e7arela, e fettuccine all`Alfredo (R$ 48); fil\u00e9 de sobrecoxa de frango empanado em panco e gergelim com arroz cremoso de alho por\u00f3 (R$ 42); anel de til\u00e1pia recheado de legumes ao lim\u00e3o siciliano com pur\u00ea de batata baroa (R$ 45) e costela su\u00edna ao molho barbecue de goiabada com farofa de maracuj\u00e1, arroz branco e quiabo grelhado (R$ 48).<\/p>\n<p>Deli funciona de segunda a s\u00e1bado, de 12h \u00e0s 15h e de 17h \u00e0s 22h. Reservas pelo 99810-0100.<\/p>\n","protected":false},"excerpt":{"rendered":"<p>A chef de cozinha diz que Gilberto Carvalho a ajuda de muitas formas, seja fornecendo mat\u00e9ria prima, seja dando suporte emocional aos projetos<\/p>\n","protected":false},"author":54,"featured_media":8654,"comment_status":"open","ping_status":"open","sticky":false,"template":"","format":"standard","meta":{"footnotes":""},"categories":[326],"tags":[1143,1144,1142],"class_list":["post-8653","post","type-post","status-publish","format-standard","has-post-thumbnail","hentry","category-restaurantes","tag-deli","tag-gilberto-carvalho","tag-myriam-carvalho"],"_links":{"self":[{"href":"https:\/\/blogs.correiobraziliense.com.br\/lianasabo\/wp-json\/wp\/v2\/posts\/8653","targetHints":{"allow":["GET"]}}],"collection":[{"href":"https:\/\/blogs.correiobraziliense.com.br\/lianasabo\/wp-json\/wp\/v2\/posts"}],"about":[{"href":"https:\/\/blogs.correiobraziliense.com.br\/lianasabo\/wp-json\/wp\/v2\/types\/post"}],"author":[{"embeddable":true,"href":"https:\/\/blogs.correiobraziliense.com.br\/lianasabo\/wp-json\/wp\/v2\/users\/54"}],"replies":[{"embeddable":true,"href":"https:\/\/blogs.correiobraziliense.com.br\/lianasabo\/wp-json\/wp\/v2\/comments?post=8653"}],"version-history":[{"count":1,"href":"https:\/\/blogs.correiobraziliense.com.br\/lianasabo\/wp-json\/wp\/v2\/posts\/8653\/revisions"}],"predecessor-version":[{"id":8657,"href":"https:\/\/blogs.correiobraziliense.com.br\/lianasabo\/wp-json\/wp\/v2\/posts\/8653\/revisions\/8657"}],"wp:featuredmedia":[{"embeddable":true,"href":"https:\/\/blogs.correiobraziliense.com.br\/lianasabo\/wp-json\/wp\/v2\/media\/8654"}],"wp:attachment":[{"href":"https:\/\/blogs.correiobraziliense.com.br\/lianasabo\/wp-json\/wp\/v2\/media?parent=8653"}],"wp:term":[{"taxonomy":"category","embeddable":true,"href":"https:\/\/blogs.correiobraziliense.com.br\/lianasabo\/wp-json\/wp\/v2\/categories?post=8653"},{"taxonomy":"post_tag","embeddable":true,"href":"https:\/\/blogs.correiobraziliense.com.br\/lianasabo\/wp-json\/wp\/v2\/tags?post=8653"}],"curies":[{"name":"wp","href":"https:\/\/api.w.org\/{rel}","templated":true}]}}