{"id":8635,"date":"2024-08-02T06:00:11","date_gmt":"2024-08-02T09:00:11","guid":{"rendered":"https:\/\/blogs.correiobraziliense.com.br\/lianasabo\/?p=8635"},"modified":"2024-08-01T22:08:15","modified_gmt":"2024-08-02T01:08:15","slug":"troca-de-espetos-sai-fogo-de-chao-entra-fogo-em-brasa","status":"publish","type":"post","link":"https:\/\/blogs.correiobraziliense.com.br\/lianasabo\/troca-de-espetos-sai-fogo-de-chao-entra-fogo-em-brasa\/","title":{"rendered":"Troca de espetos: sai Fogo de Ch\u00e3o entra Fogo em Brasa"},"content":{"rendered":"<p><em>Nova churrascaria vai funcionar na \u00e1rea central de Bras\u00edlia e contar\u00e1 tamb\u00e9m com buf\u00ea de peixes e frutos do mar<\/em><\/p>\n<p>Que o brasiliense adora carne, ningu\u00e9m tem d\u00favida. Tal o n\u00famero de churrascarias espalhadas pela cidade. Agora mesmo a tradicional\u00edssima Fogo de Ch\u00e3o, que se mudou para o Lago Sul, deixou vago o espa\u00e7o de frente ao Complexo Brasil 21, no cora\u00e7\u00e3o da cidade.<\/p>\n<p>Mais que depressa o local foi alocado pelo grupo Oliveira, comandado pelo empres\u00e1rio Roberto Oliveira, propriet\u00e1rio da grife Steak Bull. A nova opera\u00e7\u00e3o, por\u00e9m, tem nome pr\u00f3prio: Fogo em Brasa que vai funcionar no t\u00e9rreo com a boa carne grelhada.<\/p>\n<p>No andar de cima do pr\u00e9dio, o grupo promete inaugurar um buf\u00ea de peixe e frutos do mar. O nome escolhido diz tudo: \u00c9 Camar\u00e3o.<\/p>\n","protected":false},"excerpt":{"rendered":"<p>Nova churrascaria vai funcionar na \u00e1rea central de Bras\u00edlia e contar\u00e1 tamb\u00e9m com buf\u00ea de peixes e frutos do mar<\/p>\n","protected":false},"author":54,"featured_media":8637,"comment_status":"open","ping_status":"open","sticky":false,"template":"","format":"standard","meta":{"footnotes":""},"categories":[121],"tags":[1099,1140],"class_list":["post-8635","post","type-post","status-publish","format-standard","has-post-thumbnail","hentry","category-restaurantes-de-carne","tag-churrascaria","tag-fogo-em-brasa"],"_links":{"self":[{"href":"https:\/\/blogs.correiobraziliense.com.br\/lianasabo\/wp-json\/wp\/v2\/posts\/8635","targetHints":{"allow":["GET"]}}],"collection":[{"href":"https:\/\/blogs.correiobraziliense.com.br\/lianasabo\/wp-json\/wp\/v2\/posts"}],"about":[{"href":"https:\/\/blogs.correiobraziliense.com.br\/lianasabo\/wp-json\/wp\/v2\/types\/post"}],"author":[{"embeddable":true,"href":"https:\/\/blogs.correiobraziliense.com.br\/lianasabo\/wp-json\/wp\/v2\/users\/54"}],"replies":[{"embeddable":true,"href":"https:\/\/blogs.correiobraziliense.com.br\/lianasabo\/wp-json\/wp\/v2\/comments?post=8635"}],"version-history":[{"count":2,"href":"https:\/\/blogs.correiobraziliense.com.br\/lianasabo\/wp-json\/wp\/v2\/posts\/8635\/revisions"}],"predecessor-version":[{"id":8638,"href":"https:\/\/blogs.correiobraziliense.com.br\/lianasabo\/wp-json\/wp\/v2\/posts\/8635\/revisions\/8638"}],"wp:featuredmedia":[{"embeddable":true,"href":"https:\/\/blogs.correiobraziliense.com.br\/lianasabo\/wp-json\/wp\/v2\/media\/8637"}],"wp:attachment":[{"href":"https:\/\/blogs.correiobraziliense.com.br\/lianasabo\/wp-json\/wp\/v2\/media?parent=8635"}],"wp:term":[{"taxonomy":"category","embeddable":true,"href":"https:\/\/blogs.correiobraziliense.com.br\/lianasabo\/wp-json\/wp\/v2\/categories?post=8635"},{"taxonomy":"post_tag","embeddable":true,"href":"https:\/\/blogs.correiobraziliense.com.br\/lianasabo\/wp-json\/wp\/v2\/tags?post=8635"}],"curies":[{"name":"wp","href":"https:\/\/api.w.org\/{rel}","templated":true}]}}