{"id":8631,"date":"2024-08-02T06:00:18","date_gmt":"2024-08-02T09:00:18","guid":{"rendered":"https:\/\/blogs.correiobraziliense.com.br\/lianasabo\/?p=8631"},"modified":"2024-08-01T22:04:31","modified_gmt":"2024-08-02T01:04:31","slug":"pizza-de-pistache-e-a-nova-sobremesa-do-grano-oliva","status":"publish","type":"post","link":"https:\/\/blogs.correiobraziliense.com.br\/lianasabo\/pizza-de-pistache-e-a-nova-sobremesa-do-grano-oliva\/","title":{"rendered":"Pizza de pistache \u00e9 a nova sobremesa do Grano e Oliva"},"content":{"rendered":"<p><em>O novo sabor conta com creme de pistache, al\u00e9m de vers\u00f5es de Nutella e doce de leite<\/em><\/p>\n<p>Um ano e quatro meses depois de lan\u00e7ar novos sabores na Grano &amp; Oliva o pizzaiolo paulista Jaqueson Dichoff esteve de volta revisitando as tr\u00eas lojas da grife comandada pelo chef Rodrigo Melo, em parceira com tr\u00eas s\u00f3cios.<\/p>\n<p>Jaqueson, que venceu o World Stars Pizza &amp; Porto, concurso mundial disputado ano passado por representantes de 13 pa\u00edses na cidade do Porto, norte de Portugal, deixou uma pizza doce. A sobremesa \u00e9 feita de tirinhas de massa de 48h de fermenta\u00e7\u00e3o com creme de pistache. Chama-se Angioletti de Pistache (R$ 39) com uma vers\u00e3o de Nutella e doce de leite.<\/p>\n","protected":false},"excerpt":{"rendered":"<p>O novo sabor conta com creme de pistache, al\u00e9m de vers\u00f5es de Nutella e doce de leite<\/p>\n","protected":false},"author":54,"featured_media":8632,"comment_status":"open","ping_status":"open","sticky":false,"template":"","format":"standard","meta":{"footnotes":""},"categories":[227],"tags":[1137,1138,272,1139],"class_list":["post-8631","post","type-post","status-publish","format-standard","has-post-thumbnail","hentry","category-pizzarias","tag-grano-oliva","tag-pistache","tag-pizza","tag-pizza-doce"],"_links":{"self":[{"href":"https:\/\/blogs.correiobraziliense.com.br\/lianasabo\/wp-json\/wp\/v2\/posts\/8631","targetHints":{"allow":["GET"]}}],"collection":[{"href":"https:\/\/blogs.correiobraziliense.com.br\/lianasabo\/wp-json\/wp\/v2\/posts"}],"about":[{"href":"https:\/\/blogs.correiobraziliense.com.br\/lianasabo\/wp-json\/wp\/v2\/types\/post"}],"author":[{"embeddable":true,"href":"https:\/\/blogs.correiobraziliense.com.br\/lianasabo\/wp-json\/wp\/v2\/users\/54"}],"replies":[{"embeddable":true,"href":"https:\/\/blogs.correiobraziliense.com.br\/lianasabo\/wp-json\/wp\/v2\/comments?post=8631"}],"version-history":[{"count":2,"href":"https:\/\/blogs.correiobraziliense.com.br\/lianasabo\/wp-json\/wp\/v2\/posts\/8631\/revisions"}],"predecessor-version":[{"id":8634,"href":"https:\/\/blogs.correiobraziliense.com.br\/lianasabo\/wp-json\/wp\/v2\/posts\/8631\/revisions\/8634"}],"wp:featuredmedia":[{"embeddable":true,"href":"https:\/\/blogs.correiobraziliense.com.br\/lianasabo\/wp-json\/wp\/v2\/media\/8632"}],"wp:attachment":[{"href":"https:\/\/blogs.correiobraziliense.com.br\/lianasabo\/wp-json\/wp\/v2\/media?parent=8631"}],"wp:term":[{"taxonomy":"category","embeddable":true,"href":"https:\/\/blogs.correiobraziliense.com.br\/lianasabo\/wp-json\/wp\/v2\/categories?post=8631"},{"taxonomy":"post_tag","embeddable":true,"href":"https:\/\/blogs.correiobraziliense.com.br\/lianasabo\/wp-json\/wp\/v2\/tags?post=8631"}],"curies":[{"name":"wp","href":"https:\/\/api.w.org\/{rel}","templated":true}]}}