{"id":8617,"date":"2024-07-26T06:46:19","date_gmt":"2024-07-26T09:46:19","guid":{"rendered":"https:\/\/blogs.correiobraziliense.com.br\/lianasabo\/?p=8617"},"modified":"2024-07-26T08:54:05","modified_gmt":"2024-07-26T11:54:05","slug":"tap-lanca-drinque-de-boas-vindas-de-vinho-do-porto","status":"publish","type":"post","link":"https:\/\/blogs.correiobraziliense.com.br\/lianasabo\/tap-lanca-drinque-de-boas-vindas-de-vinho-do-porto\/","title":{"rendered":"TAP lan\u00e7a drinque de boas-vindas de vinho do Porto"},"content":{"rendered":"<p>Considerado amigo de todas as horas \u2013 ao cair da tarde, comemora\u00e7\u00e3o de um fato singular, introdu\u00e7\u00e3o de um belo jantar ou nos instantes finais de pratos inesquec\u00edveis \u2013 o vinho do Porto est\u00e1 presente nos voos da TAP.<\/p>\n<figure id=\"attachment_8622\" aria-describedby=\"caption-attachment-8622\" style=\"width: 300px\" class=\"wp-caption alignleft\"><a href=\"https:\/\/blogs.correiobraziliense.com.br\/lianasabo\/wp-content\/uploads\/sites\/25\/2024\/07\/vinho.jpg\"><img loading=\"lazy\" decoding=\"async\" class=\"size-medium wp-image-8622\" src=\"https:\/\/blogs.correiobraziliense.com.br\/lianasabo\/wp-content\/uploads\/sites\/25\/2024\/07\/vinho-300x252.jpg\" alt=\"\" width=\"300\" height=\"252\" srcset=\"https:\/\/blogs.correiobraziliense.com.br\/lianasabo\/wp-content\/uploads\/sites\/25\/2024\/07\/vinho-300x252.jpg 300w, https:\/\/blogs.correiobraziliense.com.br\/lianasabo\/wp-content\/uploads\/sites\/25\/2024\/07\/vinho-230x193.jpg 230w, https:\/\/blogs.correiobraziliense.com.br\/lianasabo\/wp-content\/uploads\/sites\/25\/2024\/07\/vinho.jpg 398w\" sizes=\"auto, (max-width: 300px) 100vw, 300px\" \/><\/a><figcaption id=\"caption-attachment-8622\" class=\"wp-caption-text\">Cr\u00e9dito: TAP\/Divulga\u00e7\u00e3o<\/figcaption><\/figure>\n<p>A empresa a\u00e9rea portuguesa acaba de lan\u00e7ar um drinque de boas-vindas de vinho do Porto branco servido gelado e com lim\u00e3o na classe executiva dos voos de longa dist\u00e2ncia. A bebida \u00e9 feita a partir de uva colhidas \u00e0 m\u00e3o no Vale do Douro, produzida pela vin\u00edcola Churchill\u00b4s.<\/p>\n<p>Apesar da suspens\u00e3o tempor\u00e1ria dos voos para Porto Alegre, a TAP oferece 95 voos semanais para o Brasil, uma m\u00e9dia de 13 por dia, com sa\u00eddas de 12 capitais al\u00e9m de Bras\u00edlia.<\/p>\n","protected":false},"excerpt":{"rendered":"<p>Considerado amigo de todas as horas \u2013 ao cair da tarde, comemora\u00e7\u00e3o de um fato singular, introdu\u00e7\u00e3o de um belo jantar ou nos instantes finais de pratos inesquec\u00edveis \u2013 o vinho do Porto est\u00e1 presente nos voos da TAP. A empresa a\u00e9rea portuguesa acaba de lan\u00e7ar um drinque de boas-vindas de vinho do Porto branco servido gelado e com lim\u00e3o [&hellip;]<\/p>\n","protected":false},"author":54,"featured_media":8618,"comment_status":"open","ping_status":"open","sticky":false,"template":"","format":"standard","meta":{"footnotes":""},"categories":[222],"tags":[1133,299],"class_list":["post-8617","post","type-post","status-publish","format-standard","has-post-thumbnail","hentry","category-vinhos","tag-tap","tag-vinho-do-porto"],"_links":{"self":[{"href":"https:\/\/blogs.correiobraziliense.com.br\/lianasabo\/wp-json\/wp\/v2\/posts\/8617","targetHints":{"allow":["GET"]}}],"collection":[{"href":"https:\/\/blogs.correiobraziliense.com.br\/lianasabo\/wp-json\/wp\/v2\/posts"}],"about":[{"href":"https:\/\/blogs.correiobraziliense.com.br\/lianasabo\/wp-json\/wp\/v2\/types\/post"}],"author":[{"embeddable":true,"href":"https:\/\/blogs.correiobraziliense.com.br\/lianasabo\/wp-json\/wp\/v2\/users\/54"}],"replies":[{"embeddable":true,"href":"https:\/\/blogs.correiobraziliense.com.br\/lianasabo\/wp-json\/wp\/v2\/comments?post=8617"}],"version-history":[{"count":3,"href":"https:\/\/blogs.correiobraziliense.com.br\/lianasabo\/wp-json\/wp\/v2\/posts\/8617\/revisions"}],"predecessor-version":[{"id":8623,"href":"https:\/\/blogs.correiobraziliense.com.br\/lianasabo\/wp-json\/wp\/v2\/posts\/8617\/revisions\/8623"}],"wp:featuredmedia":[{"embeddable":true,"href":"https:\/\/blogs.correiobraziliense.com.br\/lianasabo\/wp-json\/wp\/v2\/media\/8618"}],"wp:attachment":[{"href":"https:\/\/blogs.correiobraziliense.com.br\/lianasabo\/wp-json\/wp\/v2\/media?parent=8617"}],"wp:term":[{"taxonomy":"category","embeddable":true,"href":"https:\/\/blogs.correiobraziliense.com.br\/lianasabo\/wp-json\/wp\/v2\/categories?post=8617"},{"taxonomy":"post_tag","embeddable":true,"href":"https:\/\/blogs.correiobraziliense.com.br\/lianasabo\/wp-json\/wp\/v2\/tags?post=8617"}],"curies":[{"name":"wp","href":"https:\/\/api.w.org\/{rel}","templated":true}]}}