{"id":8591,"date":"2024-07-24T22:16:15","date_gmt":"2024-07-25T01:16:15","guid":{"rendered":"https:\/\/blogs.correiobraziliense.com.br\/lianasabo\/?p=8591"},"modified":"2024-07-24T22:47:50","modified_gmt":"2024-07-25T01:47:50","slug":"confira-a-programacao-gastronomica-de-26-a-31-de-julho-em-brasilia","status":"publish","type":"post","link":"https:\/\/blogs.correiobraziliense.com.br\/lianasabo\/confira-a-programacao-gastronomica-de-26-a-31-de-julho-em-brasilia\/","title":{"rendered":"Confira a programa\u00e7\u00e3o gastron\u00f4mica de 26 a 31 de julho em Bras\u00edlia"},"content":{"rendered":"<p>Os \u00faltimos dias de julho ser\u00e3o movimentados no circuito gastron\u00f4mico, com diversas op\u00e7\u00f5es de sabores que v\u00e3o desde a comida peruana ao salm\u00e3o n\u00f3rdico passando por receitas francesas e italianas. O <em><strong>Blog da Liana<\/strong><\/em> preparou uma sele\u00e7\u00e3o de eventos para o per\u00edodo entre 26 e 31 de julho; aproveite!<\/p>\n<p><strong>Em clima ol\u00edmpico<\/strong><\/p>\n<figure id=\"attachment_8593\" aria-describedby=\"caption-attachment-8593\" style=\"width: 800px\" class=\"wp-caption aligncenter\"><a href=\"https:\/\/blogs.correiobraziliense.com.br\/lianasabo\/wp-content\/uploads\/sites\/25\/2024\/07\/Fricass\u00ea-de-champignons-com-espuma-de-foie-gras-1.jpg\"><img loading=\"lazy\" decoding=\"async\" class=\"size-full wp-image-8593\" src=\"https:\/\/blogs.correiobraziliense.com.br\/lianasabo\/wp-content\/uploads\/sites\/25\/2024\/07\/Fricass\u00ea-de-champignons-com-espuma-de-foie-gras-1.jpg\" alt=\"\" width=\"800\" height=\"533\" srcset=\"https:\/\/blogs.correiobraziliense.com.br\/lianasabo\/wp-content\/uploads\/sites\/25\/2024\/07\/Fricass\u00ea-de-champignons-com-espuma-de-foie-gras-1.jpg 800w, https:\/\/blogs.correiobraziliense.com.br\/lianasabo\/wp-content\/uploads\/sites\/25\/2024\/07\/Fricass\u00ea-de-champignons-com-espuma-de-foie-gras-1-300x200.jpg 300w, https:\/\/blogs.correiobraziliense.com.br\/lianasabo\/wp-content\/uploads\/sites\/25\/2024\/07\/Fricass\u00ea-de-champignons-com-espuma-de-foie-gras-1-768x512.jpg 768w, https:\/\/blogs.correiobraziliense.com.br\/lianasabo\/wp-content\/uploads\/sites\/25\/2024\/07\/Fricass\u00ea-de-champignons-com-espuma-de-foie-gras-1-550x366.jpg 550w, https:\/\/blogs.correiobraziliense.com.br\/lianasabo\/wp-content\/uploads\/sites\/25\/2024\/07\/Fricass\u00ea-de-champignons-com-espuma-de-foie-gras-1-230x153.jpg 230w\" sizes=\"auto, (max-width: 800px) 100vw, 800px\" \/><\/a><figcaption id=\"caption-attachment-8593\" class=\"wp-caption-text\">Fricass\u00ea de champignons com espuma de foie gras. Cr\u00e9dito: Le Vin\/Divulga\u00e7\u00e3o<\/figcaption><\/figure>\n<p>Para entrar no clima dos Jogos Ol\u00edmpicos de Paris, o Le Vin Bistr\u00f4 (402 Sul) lan\u00e7a em 26 de julho os menus Ouro, Prata e Bronze que estar\u00e3o dispon\u00edveis at\u00e9 11 de agosto na casa parisiense para almo\u00e7o e jantar.<\/p>\n<p>Elaborado pelo chef Francisco M\u00e1rcio Freitas, o card\u00e1pio tem tr\u00eas op\u00e7\u00f5es a partir da cor da medalha com\u00a0entrada, prato principal e sobremesa. Entre os destaques est\u00e3o pratos como o fricass\u00ea de champignons com espuma de foie gras, navarin cordeiro com pur\u00ea de batatas e cr\u00e8me brul\u00e8e. Pre\u00e7o por pessoa:\u00a0Ouro, R$ 246; Prata, R$ 198; e Bronze, R$ 94.<\/p>\n<p><strong>Menu cl\u00e1ssico<\/strong><\/p>\n<p>Sexta-feira, 26 de julho, a partir das 20h, o Aquavit promove mais um jantar especial. A edi\u00e7\u00e3o desta vez retoma um menu bem cl\u00e1ssico da casa, que tem gaspacho de mel\u00e3o e presunto de parma; salm\u00e3o defumado a frio com espinafre e ovo poch\u00e9; camar\u00e3o gratinado acompanhado de pur\u00ea de inhame com c\u00farcuma; fil\u00e9 mignon com sauce amazonienne de tucupi, quiabo e mil folhas de batatas; e torta marcel com castanha de pequi e sorvete de mexerica cravo. Caf\u00e9, ch\u00e1, madeleines e macarons completam as op\u00e7\u00f5es da noite. Pre\u00e7o: R$ 400 e R$ 535 (com vinho). Reservas: 99167-0000.<\/p>\n<p><strong>Sabores italianos<\/strong><\/p>\n<p><a href=\"https:\/\/blogs.correiobraziliense.com.br\/lianasabo\/wp-content\/uploads\/sites\/25\/2024\/07\/WhatsApp-Image-2024-07-23-at-22.59.04.jpeg\"><img loading=\"lazy\" decoding=\"async\" class=\"aligncenter size-full wp-image-8595\" src=\"https:\/\/blogs.correiobraziliense.com.br\/lianasabo\/wp-content\/uploads\/sites\/25\/2024\/07\/WhatsApp-Image-2024-07-23-at-22.59.04.jpeg\" alt=\"\" width=\"708\" height=\"387\" srcset=\"https:\/\/blogs.correiobraziliense.com.br\/lianasabo\/wp-content\/uploads\/sites\/25\/2024\/07\/WhatsApp-Image-2024-07-23-at-22.59.04.jpeg 708w, https:\/\/blogs.correiobraziliense.com.br\/lianasabo\/wp-content\/uploads\/sites\/25\/2024\/07\/WhatsApp-Image-2024-07-23-at-22.59.04-300x164.jpeg 300w, https:\/\/blogs.correiobraziliense.com.br\/lianasabo\/wp-content\/uploads\/sites\/25\/2024\/07\/WhatsApp-Image-2024-07-23-at-22.59.04-550x301.jpeg 550w, https:\/\/blogs.correiobraziliense.com.br\/lianasabo\/wp-content\/uploads\/sites\/25\/2024\/07\/WhatsApp-Image-2024-07-23-at-22.59.04-230x126.jpeg 230w\" sizes=\"auto, (max-width: 708px) 100vw, 708px\" \/><\/a><\/p>\n<p>A cultura italiana ser\u00e1 celebrada no jantar promovido pelo chef Alexandre Albanese na Casa da Colina, no Incra 7, no s\u00e1bado (27). O pa\u00eds norteia o card\u00e1pio e a apresenta\u00e7\u00e3o musical da noite. Com previs\u00e3o de in\u00edcio \u00e0s 17h30 na \u00e1rea da fogueira, os presentes poder\u00e3o apreciar bruschettas variadas e marshmallow com caldas variadas e farofa de canolli, como entrada e sobremesa, respectivamente.<\/p>\n<p>O menu em tr\u00eas etapas ser\u00e1 apresentado \u00e0s 19h45 com os seguintes pratos: polenta com ragu de cordeiro assado na lenha, ossobuco \u00e0 milanesa e cassata de frutas vermelhas. Paralelamente ao jantar, o evento conta com a apresenta\u00e7\u00e3o da pianista Duly Mittelstedt e o tenor Rafael Ribeiro. Pre\u00e7o: R$ 240 (por pessoa). Informa\u00e7\u00f5es: <a href=\"https:\/\/www.instagram.com\/casadacolinadf\/?locale=es\">@casadacolinadf<\/a>.<\/p>\n<p><strong>Comida peruana<\/strong><\/p>\n<figure id=\"attachment_8594\" aria-describedby=\"caption-attachment-8594\" style=\"width: 800px\" class=\"wp-caption alignleft\"><a href=\"https:\/\/blogs.correiobraziliense.com.br\/lianasabo\/wp-content\/uploads\/sites\/25\/2024\/07\/Pirarucu-do-Tayp\u00e1.-Cr\u00e9dito-Vual\u00e1-Design.jpg\"><img loading=\"lazy\" decoding=\"async\" class=\"size-full wp-image-8594\" src=\"https:\/\/blogs.correiobraziliense.com.br\/lianasabo\/wp-content\/uploads\/sites\/25\/2024\/07\/Pirarucu-do-Tayp\u00e1.-Cr\u00e9dito-Vual\u00e1-Design.jpg\" alt=\"\" width=\"800\" height=\"533\" srcset=\"https:\/\/blogs.correiobraziliense.com.br\/lianasabo\/wp-content\/uploads\/sites\/25\/2024\/07\/Pirarucu-do-Tayp\u00e1.-Cr\u00e9dito-Vual\u00e1-Design.jpg 800w, https:\/\/blogs.correiobraziliense.com.br\/lianasabo\/wp-content\/uploads\/sites\/25\/2024\/07\/Pirarucu-do-Tayp\u00e1.-Cr\u00e9dito-Vual\u00e1-Design-300x200.jpg 300w, https:\/\/blogs.correiobraziliense.com.br\/lianasabo\/wp-content\/uploads\/sites\/25\/2024\/07\/Pirarucu-do-Tayp\u00e1.-Cr\u00e9dito-Vual\u00e1-Design-768x512.jpg 768w, https:\/\/blogs.correiobraziliense.com.br\/lianasabo\/wp-content\/uploads\/sites\/25\/2024\/07\/Pirarucu-do-Tayp\u00e1.-Cr\u00e9dito-Vual\u00e1-Design-550x366.jpg 550w, https:\/\/blogs.correiobraziliense.com.br\/lianasabo\/wp-content\/uploads\/sites\/25\/2024\/07\/Pirarucu-do-Tayp\u00e1.-Cr\u00e9dito-Vual\u00e1-Design-230x153.jpg 230w\" sizes=\"auto, (max-width: 800px) 100vw, 800px\" \/><\/a><figcaption id=\"caption-attachment-8594\" class=\"wp-caption-text\">Pirarucu do Tayp\u00e1. Cr\u00e9dito: Vual\u00e1 Design\/Divulga\u00e7\u00e3o<\/figcaption><\/figure>\n<p>Na data em se celebra o Dia da Independ\u00eancia do Peru, em 28 de julho (domingo), o restaurante Tayp\u00e1 do Lago Sul apresenta um menu especial de almo\u00e7o (R$ 275, por pessoa). Em oito etapas, o card\u00e1pio promete um passeio por todas as caracter\u00edsticas do pa\u00eds.<\/p>\n<p>Entre os pratos ceviche misto de peixe, lula, polvo e camar\u00e3o; vieiras gratinadas com manteiga de lim\u00e3o de queijo gratinado; pirarucu na brasa com molho de cupua\u00e7u, arroz verde com coentro e ab\u00f3bora e mousse de maracuj\u00e1 com suspiro de lichia. Os frutos do mar representam o litoral; o sabor das pimentas, dos cereais e dos tub\u00e9rculos celebra a regi\u00e3o serrana; e a mistura de frutas e peixes remete \u00e0 Amaz\u00f4nia peruana.<\/p>\n<p><strong>Despedida do m\u00eas<\/strong><\/p>\n<figure id=\"attachment_8596\" aria-describedby=\"caption-attachment-8596\" style=\"width: 205px\" class=\"wp-caption alignleft\"><a href=\"https:\/\/blogs.correiobraziliense.com.br\/lianasabo\/wp-content\/uploads\/sites\/25\/2024\/07\/Vin\u00edcola-Fern\u00e1ndez-Rivera.jpeg\"><img loading=\"lazy\" decoding=\"async\" class=\"wp-image-8596 size-medium\" src=\"https:\/\/blogs.correiobraziliense.com.br\/lianasabo\/wp-content\/uploads\/sites\/25\/2024\/07\/Vin\u00edcola-Fern\u00e1ndez-Rivera-205x300.jpeg\" alt=\"\" width=\"205\" height=\"300\" srcset=\"https:\/\/blogs.correiobraziliense.com.br\/lianasabo\/wp-content\/uploads\/sites\/25\/2024\/07\/Vin\u00edcola-Fern\u00e1ndez-Rivera-205x300.jpeg 205w, https:\/\/blogs.correiobraziliense.com.br\/lianasabo\/wp-content\/uploads\/sites\/25\/2024\/07\/Vin\u00edcola-Fern\u00e1ndez-Rivera-230x336.jpeg 230w, https:\/\/blogs.correiobraziliense.com.br\/lianasabo\/wp-content\/uploads\/sites\/25\/2024\/07\/Vin\u00edcola-Fern\u00e1ndez-Rivera.jpeg 549w\" sizes=\"auto, (max-width: 205px) 100vw, 205px\" \/><\/a><figcaption id=\"caption-attachment-8596\" class=\"wp-caption-text\">Cr\u00e9dito: Vin\u00edcola Fern\u00e1ndez Rivera\/Divulga\u00e7\u00e3o<\/figcaption><\/figure>\n<p>No \u00faltimo dia de julho, a programa\u00e7\u00e3o gastron\u00f4mica tem dois jantares importantes. Um deles \u00e9 no Dom Francisco, da Asbac, em que o menu ser\u00e1 harmonizado com vinhos da vin\u00edcola espanhola Fern\u00e1ndez Rivera, que, inclusive no mesmo dia participa de almo\u00e7o no Piselli do Shopping Iguatemi, \u00e0s 12h30.<\/p>\n<p>O menu \u00e9 composto por entrada, tr\u00eas pratos principais e uma sobremesa. Para harmonizar com as comidas est\u00e3o os seguintes r\u00f3tulos: Dehesa la Granja a ser servido com a salada morna de cogumelos com bacon; Condado de Haza Crianza para o ravioli de carne su\u00edna confitada; El Vinculo Reserva acompanhando o arroz caldoso de costela; e Pesquera Reserva para a paleta de cordeiro ao demi-galce e batatas fondant. O mousse de pistache encerra o jantar servido com o expresso Orfeu. Pre\u00e7o: R$ 399 (por pessoa). Telefone: 3226-2005.<\/p>\n<p>O outro \u00e9 o jantar tem\u00e1tico de enogastronomia no Restaurante Bottega Mia (405 Sul), a partir das 19h30. Os chefs Ville della Penna e Sauro Scarabotta ir\u00e3o apresentar uma sele\u00e7\u00e3o de pratos aut\u00eanticos que refletem as tradi\u00e7\u00f5es e os ingredientes \u00fanicos da regi\u00e3o \u00dambria, na It\u00e1lia.<\/p>\n<p>Cada prato contar\u00e1 uma hist\u00f3ria, oferecendo uma viagem pelos sabores da regi\u00e3o central italiana. No menu pratos como a aut\u00eantica porchetta di gubbio e lentilhas de Castelluccio di Norcia, com ovo e trufa negra. Pre\u00e7o: R$ 230. Reservas: 3546-2754.<\/p>\n","protected":false},"excerpt":{"rendered":"<p>Os \u00faltimos dias de julho ser\u00e3o movimentados no circuito gastron\u00f4mico, com diversas op\u00e7\u00f5es de sabores que v\u00e3o desde a comida peruana ao salm\u00e3o n\u00f3rdico passando por receitas francesas e italianas. O Blog da Liana preparou uma sele\u00e7\u00e3o de eventos para o per\u00edodo entre 26 e 31 de julho; aproveite! Em clima ol\u00edmpico Para entrar no clima dos Jogos Ol\u00edmpicos de [&hellip;]<\/p>\n","protected":false},"author":54,"featured_media":8592,"comment_status":"open","ping_status":"open","sticky":false,"template":"","format":"standard","meta":{"footnotes":""},"categories":[486],"tags":[1129,84],"class_list":["post-8591","post","type-post","status-publish","format-standard","has-post-thumbnail","hentry","category-evento","tag-le-vin-bistro","tag-taypa"],"_links":{"self":[{"href":"https:\/\/blogs.correiobraziliense.com.br\/lianasabo\/wp-json\/wp\/v2\/posts\/8591","targetHints":{"allow":["GET"]}}],"collection":[{"href":"https:\/\/blogs.correiobraziliense.com.br\/lianasabo\/wp-json\/wp\/v2\/posts"}],"about":[{"href":"https:\/\/blogs.correiobraziliense.com.br\/lianasabo\/wp-json\/wp\/v2\/types\/post"}],"author":[{"embeddable":true,"href":"https:\/\/blogs.correiobraziliense.com.br\/lianasabo\/wp-json\/wp\/v2\/users\/54"}],"replies":[{"embeddable":true,"href":"https:\/\/blogs.correiobraziliense.com.br\/lianasabo\/wp-json\/wp\/v2\/comments?post=8591"}],"version-history":[{"count":3,"href":"https:\/\/blogs.correiobraziliense.com.br\/lianasabo\/wp-json\/wp\/v2\/posts\/8591\/revisions"}],"predecessor-version":[{"id":8599,"href":"https:\/\/blogs.correiobraziliense.com.br\/lianasabo\/wp-json\/wp\/v2\/posts\/8591\/revisions\/8599"}],"wp:featuredmedia":[{"embeddable":true,"href":"https:\/\/blogs.correiobraziliense.com.br\/lianasabo\/wp-json\/wp\/v2\/media\/8592"}],"wp:attachment":[{"href":"https:\/\/blogs.correiobraziliense.com.br\/lianasabo\/wp-json\/wp\/v2\/media?parent=8591"}],"wp:term":[{"taxonomy":"category","embeddable":true,"href":"https:\/\/blogs.correiobraziliense.com.br\/lianasabo\/wp-json\/wp\/v2\/categories?post=8591"},{"taxonomy":"post_tag","embeddable":true,"href":"https:\/\/blogs.correiobraziliense.com.br\/lianasabo\/wp-json\/wp\/v2\/tags?post=8591"}],"curies":[{"name":"wp","href":"https:\/\/api.w.org\/{rel}","templated":true}]}}