{"id":8557,"date":"2024-07-10T21:37:49","date_gmt":"2024-07-11T00:37:49","guid":{"rendered":"https:\/\/blogs.correiobraziliense.com.br\/lianasabo\/?p=8557"},"modified":"2024-07-10T21:39:45","modified_gmt":"2024-07-11T00:39:45","slug":"festival-julino-tera-operacoes-gastronomicas-de-sucesso-de-brasilia","status":"publish","type":"post","link":"https:\/\/blogs.correiobraziliense.com.br\/lianasabo\/festival-julino-tera-operacoes-gastronomicas-de-sucesso-de-brasilia\/","title":{"rendered":"Festival Julino ter\u00e1 opera\u00e7\u00f5es gastron\u00f4micas de sucesso de Bras\u00edlia"},"content":{"rendered":"<p><em>A segunda edi\u00e7\u00e3o do evento ser\u00e1 no s\u00e1bado, 13 de julho, no Parque da Cidade<\/em><\/p>\n<p>Ainda em clima de S\u00e3o Jo\u00e3o, Bras\u00edlia recebe a segunda edi\u00e7\u00e3o do Festival Julino. O evento ocorre no s\u00e1bado (13\/7), em estrutura montada no estacionamento Ana L\u00eddia, do Parque da Cidade.<\/p>\n<p>Lenine e Lucy Alves s\u00e3o as grandes atra\u00e7\u00f5es da festa. Mas, paralelamente as apresenta\u00e7\u00f5es musicais, o evento ter\u00e1 opera\u00e7\u00f5es gastron\u00f4micas de sucesso da cidade abrilhantando a programa\u00e7\u00e3o. S\u00e3o elas, as marcas Sweetcake, Dog da Igrejinha, Pizza Grano &amp; Oliva, Geleia, Pastelaria do Beto e Churros do Tio, com comidas t\u00edpicas.<\/p>\n<p>Os ingressos est\u00e3o \u00e0 venda a partir de R$ 60 no site da <a href=\"https:\/\/www.bilheteriadigital.com\/festival-julino-13-de-julho\">Bilheteria Digital<\/a>.<\/p>\n","protected":false},"excerpt":{"rendered":"<p>A segunda edi\u00e7\u00e3o do evento ser\u00e1 no s\u00e1bado, 13 de julho, no Parque da Cidade<\/p>\n","protected":false},"author":54,"featured_media":8559,"comment_status":"open","ping_status":"open","sticky":false,"template":"","format":"standard","meta":{"footnotes":""},"categories":[201],"tags":[1120,1119,512],"class_list":["post-8557","post","type-post","status-publish","format-standard","has-post-thumbnail","hentry","category-festival","tag-comidas-tipicas","tag-festival-julino","tag-sao-joao"],"_links":{"self":[{"href":"https:\/\/blogs.correiobraziliense.com.br\/lianasabo\/wp-json\/wp\/v2\/posts\/8557","targetHints":{"allow":["GET"]}}],"collection":[{"href":"https:\/\/blogs.correiobraziliense.com.br\/lianasabo\/wp-json\/wp\/v2\/posts"}],"about":[{"href":"https:\/\/blogs.correiobraziliense.com.br\/lianasabo\/wp-json\/wp\/v2\/types\/post"}],"author":[{"embeddable":true,"href":"https:\/\/blogs.correiobraziliense.com.br\/lianasabo\/wp-json\/wp\/v2\/users\/54"}],"replies":[{"embeddable":true,"href":"https:\/\/blogs.correiobraziliense.com.br\/lianasabo\/wp-json\/wp\/v2\/comments?post=8557"}],"version-history":[{"count":1,"href":"https:\/\/blogs.correiobraziliense.com.br\/lianasabo\/wp-json\/wp\/v2\/posts\/8557\/revisions"}],"predecessor-version":[{"id":8558,"href":"https:\/\/blogs.correiobraziliense.com.br\/lianasabo\/wp-json\/wp\/v2\/posts\/8557\/revisions\/8558"}],"wp:featuredmedia":[{"embeddable":true,"href":"https:\/\/blogs.correiobraziliense.com.br\/lianasabo\/wp-json\/wp\/v2\/media\/8559"}],"wp:attachment":[{"href":"https:\/\/blogs.correiobraziliense.com.br\/lianasabo\/wp-json\/wp\/v2\/media?parent=8557"}],"wp:term":[{"taxonomy":"category","embeddable":true,"href":"https:\/\/blogs.correiobraziliense.com.br\/lianasabo\/wp-json\/wp\/v2\/categories?post=8557"},{"taxonomy":"post_tag","embeddable":true,"href":"https:\/\/blogs.correiobraziliense.com.br\/lianasabo\/wp-json\/wp\/v2\/tags?post=8557"}],"curies":[{"name":"wp","href":"https:\/\/api.w.org\/{rel}","templated":true}]}}