{"id":8544,"date":"2024-07-05T06:16:17","date_gmt":"2024-07-05T09:16:17","guid":{"rendered":"https:\/\/blogs.correiobraziliense.com.br\/lianasabo\/?p=8544"},"modified":"2024-07-04T18:22:57","modified_gmt":"2024-07-04T21:22:57","slug":"parkshopping-promove-festival-de-inverno-com-participacao-de-9-restaurantes","status":"publish","type":"post","link":"https:\/\/blogs.correiobraziliense.com.br\/lianasabo\/parkshopping-promove-festival-de-inverno-com-participacao-de-9-restaurantes\/","title":{"rendered":"ParkShopping promove festival de inverno com participa\u00e7\u00e3o de 9 restaurantes"},"content":{"rendered":"<p><em>Cada estabelecimento oferece um menu especial de segunda a sexta-feira at\u00e9 2 de agosto<\/em><\/p>\n<p>At\u00e9 2 de agosto, sempre de segunda \u00e0 sexta-feira*, o ParkShopping promove o Festival de Inverno. S\u00e3o nove marcas participantes, entre elas a grife Barolo, que mescla a culin\u00e1ria cl\u00e1ssica com a dos imigrantes italianos. L\u00e1 o chef Neldi Netto elaborou conchiglie (conchas) de quatro queijos ao molho sugo, no almo\u00e7o, e fil\u00e9-mignon com grana padano e fungi, no jantar.<\/p>\n<figure id=\"attachment_8548\" aria-describedby=\"caption-attachment-8548\" style=\"width: 182px\" class=\"wp-caption alignleft\"><a href=\"https:\/\/blogs.correiobraziliense.com.br\/lianasabo\/wp-content\/uploads\/sites\/25\/2024\/07\/WhatsApp-Image-2024-07-04-at-15.56.54.jpeg\"><img loading=\"lazy\" decoding=\"async\" class=\"wp-image-8548 size-medium\" src=\"https:\/\/blogs.correiobraziliense.com.br\/lianasabo\/wp-content\/uploads\/sites\/25\/2024\/07\/WhatsApp-Image-2024-07-04-at-15.56.54-182x300.jpeg\" alt=\"\" width=\"182\" height=\"300\" srcset=\"https:\/\/blogs.correiobraziliense.com.br\/lianasabo\/wp-content\/uploads\/sites\/25\/2024\/07\/WhatsApp-Image-2024-07-04-at-15.56.54-182x300.jpeg 182w, https:\/\/blogs.correiobraziliense.com.br\/lianasabo\/wp-content\/uploads\/sites\/25\/2024\/07\/WhatsApp-Image-2024-07-04-at-15.56.54-768x1266.jpeg 768w, https:\/\/blogs.correiobraziliense.com.br\/lianasabo\/wp-content\/uploads\/sites\/25\/2024\/07\/WhatsApp-Image-2024-07-04-at-15.56.54-621x1024.jpeg 621w, https:\/\/blogs.correiobraziliense.com.br\/lianasabo\/wp-content\/uploads\/sites\/25\/2024\/07\/WhatsApp-Image-2024-07-04-at-15.56.54-800x1319.jpeg 800w, https:\/\/blogs.correiobraziliense.com.br\/lianasabo\/wp-content\/uploads\/sites\/25\/2024\/07\/WhatsApp-Image-2024-07-04-at-15.56.54-550x907.jpeg 550w, https:\/\/blogs.correiobraziliense.com.br\/lianasabo\/wp-content\/uploads\/sites\/25\/2024\/07\/WhatsApp-Image-2024-07-04-at-15.56.54-230x379.jpeg 230w, https:\/\/blogs.correiobraziliense.com.br\/lianasabo\/wp-content\/uploads\/sites\/25\/2024\/07\/WhatsApp-Image-2024-07-04-at-15.56.54.jpeg 958w\" sizes=\"auto, (max-width: 182px) 100vw, 182px\" \/><\/a><figcaption id=\"caption-attachment-8548\" class=\"wp-caption-text\">Chef de cozinha do Barolo, Neldi Netto. Cr\u00e9dito: Su Maestri\/Divulga\u00e7\u00e3o<\/figcaption><\/figure>\n<p>Al\u00e9m de Barolo Trattoria, tomam parte na empreitada gastron\u00f4mica Abraccio, Coco Bambu, Gurum\u00ea, Mangaieiro, Marietta, Outback, Pecorino e Ricco Burger. Todas as casas oferecem entrada, principal e sobremesa nos menus divididos em duas categorias: almo\u00e7o por R$ 69,90 e jantar por R$ 89,90.<\/p>\n<p>A \u00faltima vez que o ParkShopping promoveu programa\u00e7\u00e3o semelhante foi antes da pandemia, lembrou a gerente de Marketing Anna Code\u00e7o, que destacou o fato como celebra\u00e7\u00e3o com amigos e fam\u00edlia \u201ccom valores muito atrativos\u201d.<\/p>\n<p>Outra atra\u00e7\u00e3o \u00e9 uma garrafa de vinho uruguaio Don Prospero, feito com uvas Tannat e Malbec, que voc\u00ea tem direito quando acumular as notas fiscais relativas ao consumo de cinco menus do festival. Basta scanear o QRCode para ser direcionado ao aplicativo app Multi que valida e nota de faz o resgate. Mais informa\u00e7\u00f5es em\u00a0<a href=\"https:\/\/www.parkshopping.com.br\/eventos\/bn1op36xe0-festival-de-inverno\/\">https:\/\/www.parkshopping.com.br\/eventos\/bn1op36xe0-festival-de-inverno\/<\/a>.<\/p>\n<p><strong>*Hor\u00e1rio de funcionamento do Festival de Inverno:<\/strong><\/p>\n<p>&#8211; Das 10h \u00e0s 22h nos restaurantes participantes da Pra\u00e7a de Alimenta\u00e7\u00e3o ou dos corredores do PKS;<br \/>\n&#8211; Das 12h \u00e0s 23h de segunda a quinta, at\u00e9 1h na sexta-feira e s\u00e1bado e aos domingos, das 12h \u00e0s 21h, nos restaurantes participantes do Espa\u00e7o Gourmet;<br \/>\n&#8211; O Lounge MultiVoc\u00ea funciona no hor\u00e1rio do ParkShopping, das 10h \u00e0s 22h de segunda-feira a s\u00e1bado; das 14h \u00e0s 20h aos domingos.<\/p>\n","protected":false},"excerpt":{"rendered":"<p>Cada estabelecimento oferece um menu especial de segunda a sexta-feira at\u00e9 2 de agosto<\/p>\n","protected":false},"author":54,"featured_media":8547,"comment_status":"open","ping_status":"open","sticky":false,"template":"","format":"standard","meta":{"footnotes":""},"categories":[201],"tags":[1111,900],"class_list":["post-8544","post","type-post","status-publish","format-standard","has-post-thumbnail","hentry","category-festival","tag-festival-de-inverno","tag-parkshopping"],"_links":{"self":[{"href":"https:\/\/blogs.correiobraziliense.com.br\/lianasabo\/wp-json\/wp\/v2\/posts\/8544","targetHints":{"allow":["GET"]}}],"collection":[{"href":"https:\/\/blogs.correiobraziliense.com.br\/lianasabo\/wp-json\/wp\/v2\/posts"}],"about":[{"href":"https:\/\/blogs.correiobraziliense.com.br\/lianasabo\/wp-json\/wp\/v2\/types\/post"}],"author":[{"embeddable":true,"href":"https:\/\/blogs.correiobraziliense.com.br\/lianasabo\/wp-json\/wp\/v2\/users\/54"}],"replies":[{"embeddable":true,"href":"https:\/\/blogs.correiobraziliense.com.br\/lianasabo\/wp-json\/wp\/v2\/comments?post=8544"}],"version-history":[{"count":3,"href":"https:\/\/blogs.correiobraziliense.com.br\/lianasabo\/wp-json\/wp\/v2\/posts\/8544\/revisions"}],"predecessor-version":[{"id":8549,"href":"https:\/\/blogs.correiobraziliense.com.br\/lianasabo\/wp-json\/wp\/v2\/posts\/8544\/revisions\/8549"}],"wp:featuredmedia":[{"embeddable":true,"href":"https:\/\/blogs.correiobraziliense.com.br\/lianasabo\/wp-json\/wp\/v2\/media\/8547"}],"wp:attachment":[{"href":"https:\/\/blogs.correiobraziliense.com.br\/lianasabo\/wp-json\/wp\/v2\/media?parent=8544"}],"wp:term":[{"taxonomy":"category","embeddable":true,"href":"https:\/\/blogs.correiobraziliense.com.br\/lianasabo\/wp-json\/wp\/v2\/categories?post=8544"},{"taxonomy":"post_tag","embeddable":true,"href":"https:\/\/blogs.correiobraziliense.com.br\/lianasabo\/wp-json\/wp\/v2\/tags?post=8544"}],"curies":[{"name":"wp","href":"https:\/\/api.w.org\/{rel}","templated":true}]}}