{"id":8530,"date":"2024-06-28T06:42:18","date_gmt":"2024-06-28T09:42:18","guid":{"rendered":"https:\/\/blogs.correiobraziliense.com.br\/lianasabo\/?p=8530"},"modified":"2024-06-27T23:48:28","modified_gmt":"2024-06-28T02:48:28","slug":"imersao-enogastronomica-na-italia","status":"publish","type":"post","link":"https:\/\/blogs.correiobraziliense.com.br\/lianasabo\/imersao-enogastronomica-na-italia\/","title":{"rendered":"Imers\u00e3o enogastron\u00f4mica na It\u00e1lia"},"content":{"rendered":"<p>\u00c9 o que prop\u00f5e o empres\u00e1rio calabr\u00eas Antonello Monardo, que h\u00e1 14 anos organiza tours enogastron\u00f4micos e culturais para seu pa\u00eds de origem, que este ano comemora os 150 anos de imigra\u00e7\u00e3o italiana no Brasil. Est\u00e3o previstas duas viagens no outono italiano: Tour da Beleza de 10 a 20 de outubro, se refere a lugares encantadores como Lago di Garda, Portofino, Cinque Terre, Sardenha e outros e Descobrindo as Maravilhas e Ra\u00edzes Calabresas de 22 a 30 de outubro, uma imers\u00e3o na apaixonante hist\u00f3ria da Cal\u00e1bria.<\/p>\n<figure id=\"attachment_8532\" aria-describedby=\"caption-attachment-8532\" style=\"width: 800px\" class=\"wp-caption aligncenter\"><a href=\"https:\/\/blogs.correiobraziliense.com.br\/lianasabo\/wp-content\/uploads\/sites\/25\/2024\/06\/WhatsApp-Image-2024-06-27-at-17.14.33.jpeg\"><img loading=\"lazy\" decoding=\"async\" class=\"size-full wp-image-8532\" src=\"https:\/\/blogs.correiobraziliense.com.br\/lianasabo\/wp-content\/uploads\/sites\/25\/2024\/06\/WhatsApp-Image-2024-06-27-at-17.14.33.jpeg\" alt=\"\" width=\"800\" height=\"533\" srcset=\"https:\/\/blogs.correiobraziliense.com.br\/lianasabo\/wp-content\/uploads\/sites\/25\/2024\/06\/WhatsApp-Image-2024-06-27-at-17.14.33.jpeg 800w, https:\/\/blogs.correiobraziliense.com.br\/lianasabo\/wp-content\/uploads\/sites\/25\/2024\/06\/WhatsApp-Image-2024-06-27-at-17.14.33-300x200.jpeg 300w, https:\/\/blogs.correiobraziliense.com.br\/lianasabo\/wp-content\/uploads\/sites\/25\/2024\/06\/WhatsApp-Image-2024-06-27-at-17.14.33-768x512.jpeg 768w, https:\/\/blogs.correiobraziliense.com.br\/lianasabo\/wp-content\/uploads\/sites\/25\/2024\/06\/WhatsApp-Image-2024-06-27-at-17.14.33-550x366.jpeg 550w, https:\/\/blogs.correiobraziliense.com.br\/lianasabo\/wp-content\/uploads\/sites\/25\/2024\/06\/WhatsApp-Image-2024-06-27-at-17.14.33-230x153.jpeg 230w\" sizes=\"auto, (max-width: 800px) 100vw, 800px\" \/><\/a><figcaption id=\"caption-attachment-8532\" class=\"wp-caption-text\">Embaixador da It\u00e1lia, Alessandro Cortese e Antonello Monardo. Cr\u00e9dito: Liana Sabo\/CB\/D.A Press<\/figcaption><\/figure>\n<p>Para a apresenta\u00e7\u00e3o do roteiro a sua terra natal, Monardo contou com a parceria do chef Ville Della Pena, que acaba de inaugurar na 405 Sul o restaurante Bottega Mia, onde foi realizado jantar com menu da Cal\u00e1bria, como maccheroni com sugo di carne di capra (massa artesanal ao molho de carne de cabra) harmonizado com vinhos trazidos pela Mistral e produzidos pela Librandi Wine de Cir\u00f3, vin\u00edcola inclu\u00edda no tour. Esteve presente o embaixador da It\u00e1lia, Alessandro Cortese e senhora. Contato: 99971-7349 (whatsapp).<\/p>\n","protected":false},"excerpt":{"rendered":"<p>\u00c9 o que prop\u00f5e o empres\u00e1rio calabr\u00eas Antonello Monardo, que h\u00e1 14 anos organiza tours enogastron\u00f4micos e culturais para seu pa\u00eds de origem, que este ano comemora os 150 anos de imigra\u00e7\u00e3o italiana no Brasil. Est\u00e3o previstas duas viagens no outono italiano: Tour da Beleza de 10 a 20 de outubro, se refere a lugares encantadores como Lago di Garda, [&hellip;]<\/p>\n","protected":false},"author":54,"featured_media":8531,"comment_status":"open","ping_status":"open","sticky":false,"template":"","format":"standard","meta":{"footnotes":""},"categories":[1],"tags":[],"class_list":["post-8530","post","type-post","status-publish","format-standard","has-post-thumbnail","hentry","category-sem-categoria"],"_links":{"self":[{"href":"https:\/\/blogs.correiobraziliense.com.br\/lianasabo\/wp-json\/wp\/v2\/posts\/8530","targetHints":{"allow":["GET"]}}],"collection":[{"href":"https:\/\/blogs.correiobraziliense.com.br\/lianasabo\/wp-json\/wp\/v2\/posts"}],"about":[{"href":"https:\/\/blogs.correiobraziliense.com.br\/lianasabo\/wp-json\/wp\/v2\/types\/post"}],"author":[{"embeddable":true,"href":"https:\/\/blogs.correiobraziliense.com.br\/lianasabo\/wp-json\/wp\/v2\/users\/54"}],"replies":[{"embeddable":true,"href":"https:\/\/blogs.correiobraziliense.com.br\/lianasabo\/wp-json\/wp\/v2\/comments?post=8530"}],"version-history":[{"count":1,"href":"https:\/\/blogs.correiobraziliense.com.br\/lianasabo\/wp-json\/wp\/v2\/posts\/8530\/revisions"}],"predecessor-version":[{"id":8533,"href":"https:\/\/blogs.correiobraziliense.com.br\/lianasabo\/wp-json\/wp\/v2\/posts\/8530\/revisions\/8533"}],"wp:featuredmedia":[{"embeddable":true,"href":"https:\/\/blogs.correiobraziliense.com.br\/lianasabo\/wp-json\/wp\/v2\/media\/8531"}],"wp:attachment":[{"href":"https:\/\/blogs.correiobraziliense.com.br\/lianasabo\/wp-json\/wp\/v2\/media?parent=8530"}],"wp:term":[{"taxonomy":"category","embeddable":true,"href":"https:\/\/blogs.correiobraziliense.com.br\/lianasabo\/wp-json\/wp\/v2\/categories?post=8530"},{"taxonomy":"post_tag","embeddable":true,"href":"https:\/\/blogs.correiobraziliense.com.br\/lianasabo\/wp-json\/wp\/v2\/tags?post=8530"}],"curies":[{"name":"wp","href":"https:\/\/api.w.org\/{rel}","templated":true}]}}