{"id":8527,"date":"2024-06-28T06:28:11","date_gmt":"2024-06-28T09:28:11","guid":{"rendered":"https:\/\/blogs.correiobraziliense.com.br\/lianasabo\/?p=8527"},"modified":"2024-07-01T11:03:50","modified_gmt":"2024-07-01T14:03:50","slug":"chef-simon-lau-estreia-na-casacor-brasilia-2024","status":"publish","type":"post","link":"https:\/\/blogs.correiobraziliense.com.br\/lianasabo\/chef-simon-lau-estreia-na-casacor-brasilia-2024\/","title":{"rendered":"Chef Simon Lau estreia na CasaCor Bras\u00edlia 2024"},"content":{"rendered":"<p><em>O cozinheiro estreia com comida candanga, um teste para abrir o Cuca ainda este ano<\/em><\/p>\n<p>A CasaCor Bras\u00edlia em sua 32\u00aa edi\u00e7\u00e3o, que vai de 15 de agosto a 13 de outubro na Arena Man\u00e9 Garrincha, traz tr\u00eas grandes nomes da alta gastronomia da cidade: Simon Lau Cederholm e Thiago Paraiso, estreantes na mostr,a e Guillaume Petitgas, que fez sucesso no ano passado.<\/p>\n<p>Em um ambiente assinado por Luciana Canali, do Movimento Bras\u00edlia Design Week, o dinamarqu\u00eas Simon Lau inaugura o espa\u00e7o Cuca \u2013 Culin\u00e1ria Candanga com menu que traz influ\u00eancias culturais de diversas regi\u00f5es do pa\u00eds, al\u00e9m da terra natal do chef, que se encontra em visita a fam\u00edlia em Copenhague.<\/p>\n<p>\u201cSer\u00e1 uma boa oportunidade para testar o card\u00e1pio do restaurante de comida candanga que ser\u00e1 aberto na cidade provavelmente ainda este ano\u201d, informou Leonidas Neto, conhecido por chef L\u00e9o, bra\u00e7o direito de Simon Lau, que estar\u00e1 tamb\u00e9m na CasaCor. No menu, tem desde empad\u00e3o goiano a smorrebrod de salm\u00e3o defumado e terrine de ovos, folhas e cebolinha; da salada de f\u00edgado de galinha com cajuzinhos a foie gras de Corumb\u00e1 grelhado, brioche e geleia de cagaita; do pirarucu com pimenta de macaco, capim santo e sorbet de aipo ao bife de chorizo, tutano e xarope bordelaise com terrine de ra\u00edzes brasileiras.<\/p>\n<figure id=\"attachment_8528\" aria-describedby=\"caption-attachment-8528\" style=\"width: 789px\" class=\"wp-caption aligncenter\"><a href=\"https:\/\/blogs.correiobraziliense.com.br\/lianasabo\/wp-content\/uploads\/sites\/25\/2024\/06\/E-Book-Saveur-26.jpg\"><img loading=\"lazy\" decoding=\"async\" class=\"size-full wp-image-8528\" src=\"https:\/\/blogs.correiobraziliense.com.br\/lianasabo\/wp-content\/uploads\/sites\/25\/2024\/06\/E-Book-Saveur-26.jpg\" alt=\"\" width=\"789\" height=\"597\" srcset=\"https:\/\/blogs.correiobraziliense.com.br\/lianasabo\/wp-content\/uploads\/sites\/25\/2024\/06\/E-Book-Saveur-26.jpg 789w, https:\/\/blogs.correiobraziliense.com.br\/lianasabo\/wp-content\/uploads\/sites\/25\/2024\/06\/E-Book-Saveur-26-300x227.jpg 300w, https:\/\/blogs.correiobraziliense.com.br\/lianasabo\/wp-content\/uploads\/sites\/25\/2024\/06\/E-Book-Saveur-26-768x581.jpg 768w, https:\/\/blogs.correiobraziliense.com.br\/lianasabo\/wp-content\/uploads\/sites\/25\/2024\/06\/E-Book-Saveur-26-550x416.jpg 550w, https:\/\/blogs.correiobraziliense.com.br\/lianasabo\/wp-content\/uploads\/sites\/25\/2024\/06\/E-Book-Saveur-26-230x174.jpg 230w\" sizes=\"auto, (max-width: 789px) 100vw, 789px\" \/><\/a><figcaption id=\"caption-attachment-8528\" class=\"wp-caption-text\">Thiago Paraiso. Cr\u00e9dito: Saveur\/Divulga\u00e7\u00e3o<\/figcaption><\/figure>\n<p>Tamb\u00e9m pela primeira vez no evento, o chef Thiago Paraiso assumir\u00e1 na CasaCor o\u00a0Bar\/Speakeasy, projeto de Gabriela Schinzel, para o qual apresentar\u00e1 drinques autorais e cl\u00e1ssicos. Em Bras\u00edlia, Paraiso \u00e9 conhecido por estar \u00e0 frente de casas renomadas\u00a0como Ouri\u00e7o, Saveur Bistr\u00f4, Mar\u00e9 \u2013 Camar\u00f5es e Mar e M\u00f6ca.<\/p>\n<p>De volta ao evento, o\u00a0chef franc\u00eas Guillaume Petitgas traz novamente a\u00a0La Boulangerie em ambiente assinado por Joyce Fran\u00e7a batizado de Caf\u00e9.<\/p>\n","protected":false},"excerpt":{"rendered":"<p>O cozinheiro estreia com comida candanga, um teste para abrir o Cuca ainda este ano A CasaCor Bras\u00edlia em sua 32\u00aa edi\u00e7\u00e3o, que vai de 15 de agosto a 13 de outubro na Arena Man\u00e9 Garrincha, traz tr\u00eas grandes nomes da alta gastronomia da cidade: Simon Lau Cederholm e Thiago Paraiso, estreantes na mostr,a e Guillaume Petitgas, que fez sucesso [&hellip;]<\/p>\n","protected":false},"author":54,"featured_media":8535,"comment_status":"open","ping_status":"open","sticky":false,"template":"","format":"standard","meta":{"footnotes":""},"categories":[486],"tags":[271,119,712],"class_list":["post-8527","post","type-post","status-publish","format-standard","has-post-thumbnail","hentry","category-evento","tag-casacor","tag-simon-lau","tag-thiago-paraiso"],"_links":{"self":[{"href":"https:\/\/blogs.correiobraziliense.com.br\/lianasabo\/wp-json\/wp\/v2\/posts\/8527","targetHints":{"allow":["GET"]}}],"collection":[{"href":"https:\/\/blogs.correiobraziliense.com.br\/lianasabo\/wp-json\/wp\/v2\/posts"}],"about":[{"href":"https:\/\/blogs.correiobraziliense.com.br\/lianasabo\/wp-json\/wp\/v2\/types\/post"}],"author":[{"embeddable":true,"href":"https:\/\/blogs.correiobraziliense.com.br\/lianasabo\/wp-json\/wp\/v2\/users\/54"}],"replies":[{"embeddable":true,"href":"https:\/\/blogs.correiobraziliense.com.br\/lianasabo\/wp-json\/wp\/v2\/comments?post=8527"}],"version-history":[{"count":1,"href":"https:\/\/blogs.correiobraziliense.com.br\/lianasabo\/wp-json\/wp\/v2\/posts\/8527\/revisions"}],"predecessor-version":[{"id":8529,"href":"https:\/\/blogs.correiobraziliense.com.br\/lianasabo\/wp-json\/wp\/v2\/posts\/8527\/revisions\/8529"}],"wp:featuredmedia":[{"embeddable":true,"href":"https:\/\/blogs.correiobraziliense.com.br\/lianasabo\/wp-json\/wp\/v2\/media\/8535"}],"wp:attachment":[{"href":"https:\/\/blogs.correiobraziliense.com.br\/lianasabo\/wp-json\/wp\/v2\/media?parent=8527"}],"wp:term":[{"taxonomy":"category","embeddable":true,"href":"https:\/\/blogs.correiobraziliense.com.br\/lianasabo\/wp-json\/wp\/v2\/categories?post=8527"},{"taxonomy":"post_tag","embeddable":true,"href":"https:\/\/blogs.correiobraziliense.com.br\/lianasabo\/wp-json\/wp\/v2\/tags?post=8527"}],"curies":[{"name":"wp","href":"https:\/\/api.w.org\/{rel}","templated":true}]}}