{"id":8516,"date":"2024-06-27T23:02:29","date_gmt":"2024-06-28T02:02:29","guid":{"rendered":"https:\/\/blogs.correiobraziliense.com.br\/lianasabo\/?p=8516"},"modified":"2024-06-28T08:45:45","modified_gmt":"2024-06-28T11:45:45","slug":"casa-baco-vence-premio-de-melhor-restaurante-do-centro-oeste","status":"publish","type":"post","link":"https:\/\/blogs.correiobraziliense.com.br\/lianasabo\/casa-baco-vence-premio-de-melhor-restaurante-do-centro-oeste\/","title":{"rendered":"Casa Baco vence pr\u00eamio de melhor restaurante do Centro-Oeste"},"content":{"rendered":"<p><em>O estabelecimento foi reconhecido pela revista Prazeres da Mesa<\/em><\/p>\n<p>A Casa Baco, comandada pelo chef Gil Guimar\u00e3es, venceu o pr\u00eamio de melhor restaurante da regi\u00e3o Centro-Oeste na elei\u00e7\u00e3o Melhores da Gastronomia, da revista <em>Prazeres da Mesa<\/em>. A cerim\u00f4nia de premia\u00e7\u00e3o foi no Memorial da Am\u00e9rica Latina, em S\u00e3o Paulo, na noite de quarta-feira, 26 de junho.<\/p>\n<figure id=\"attachment_8518\" aria-describedby=\"caption-attachment-8518\" style=\"width: 800px\" class=\"wp-caption alignleft\"><a href=\"https:\/\/blogs.correiobraziliense.com.br\/lianasabo\/wp-content\/uploads\/sites\/25\/2024\/06\/C\u00f3pia-de-FAC_6596_impressao-credito-Facundo.jpg\"><img loading=\"lazy\" decoding=\"async\" class=\"wp-image-8518 size-full\" src=\"https:\/\/blogs.correiobraziliense.com.br\/lianasabo\/wp-content\/uploads\/sites\/25\/2024\/06\/C\u00f3pia-de-FAC_6596_impressao-credito-Facundo.jpg\" alt=\"\" width=\"800\" height=\"533\" srcset=\"https:\/\/blogs.correiobraziliense.com.br\/lianasabo\/wp-content\/uploads\/sites\/25\/2024\/06\/C\u00f3pia-de-FAC_6596_impressao-credito-Facundo.jpg 800w, https:\/\/blogs.correiobraziliense.com.br\/lianasabo\/wp-content\/uploads\/sites\/25\/2024\/06\/C\u00f3pia-de-FAC_6596_impressao-credito-Facundo-300x200.jpg 300w, https:\/\/blogs.correiobraziliense.com.br\/lianasabo\/wp-content\/uploads\/sites\/25\/2024\/06\/C\u00f3pia-de-FAC_6596_impressao-credito-Facundo-768x512.jpg 768w, https:\/\/blogs.correiobraziliense.com.br\/lianasabo\/wp-content\/uploads\/sites\/25\/2024\/06\/C\u00f3pia-de-FAC_6596_impressao-credito-Facundo-550x366.jpg 550w, https:\/\/blogs.correiobraziliense.com.br\/lianasabo\/wp-content\/uploads\/sites\/25\/2024\/06\/C\u00f3pia-de-FAC_6596_impressao-credito-Facundo-230x153.jpg 230w\" sizes=\"auto, (max-width: 800px) 100vw, 800px\" \/><\/a><figcaption id=\"caption-attachment-8518\" class=\"wp-caption-text\">Chef Gil Guimar\u00e3es Cr\u00e9dito: Rafael Facundo\/Divulga\u00e7\u00e3o<\/figcaption><\/figure>\n<p>\u201c\u00c9 uma felicidade voltar ao topo do ranking da Prazeres\u201d, afirmou o chef Gil Guimar\u00e3es. \u201cDedico o pr\u00eamio ao amigo Castilho, o idealizador do pr\u00eamio, que partiu cedo demais\u201d, completou prestando uma homenagem a Ricardo Castilho, diretor de reda\u00e7\u00e3o da revista, que morreu na manh\u00e3 do dia 18.<\/p>\n<p>Com unidades no shopping Casa Park e no Man\u00e9 Mercado, a Casa Baco serve pratos autorais das culin\u00e1rias italiana e brasileira, com ingredientes t\u00edpicos do cerrado, al\u00e9m de cria\u00e7\u00f5es inspiradas em outras regi\u00f5es do pa\u00eds. No card\u00e1pio noturno, tamb\u00e9m h\u00e1 pizzas napolitanas da Baco Pizzaria.<\/p>\n","protected":false},"excerpt":{"rendered":"<p>O estabelecimento foi reconhecido pela revista Prazeres da Mesa<\/p>\n","protected":false},"author":54,"featured_media":8517,"comment_status":"open","ping_status":"open","sticky":false,"template":"","format":"standard","meta":{"footnotes":""},"categories":[754],"tags":[64,39,1112,583],"class_list":["post-8516","post","type-post","status-publish","format-standard","has-post-thumbnail","hentry","category-premio","tag-casa-baco","tag-gil-guimaraes","tag-prazeres-da-mesa","tag-premio"],"_links":{"self":[{"href":"https:\/\/blogs.correiobraziliense.com.br\/lianasabo\/wp-json\/wp\/v2\/posts\/8516","targetHints":{"allow":["GET"]}}],"collection":[{"href":"https:\/\/blogs.correiobraziliense.com.br\/lianasabo\/wp-json\/wp\/v2\/posts"}],"about":[{"href":"https:\/\/blogs.correiobraziliense.com.br\/lianasabo\/wp-json\/wp\/v2\/types\/post"}],"author":[{"embeddable":true,"href":"https:\/\/blogs.correiobraziliense.com.br\/lianasabo\/wp-json\/wp\/v2\/users\/54"}],"replies":[{"embeddable":true,"href":"https:\/\/blogs.correiobraziliense.com.br\/lianasabo\/wp-json\/wp\/v2\/comments?post=8516"}],"version-history":[{"count":2,"href":"https:\/\/blogs.correiobraziliense.com.br\/lianasabo\/wp-json\/wp\/v2\/posts\/8516\/revisions"}],"predecessor-version":[{"id":8534,"href":"https:\/\/blogs.correiobraziliense.com.br\/lianasabo\/wp-json\/wp\/v2\/posts\/8516\/revisions\/8534"}],"wp:featuredmedia":[{"embeddable":true,"href":"https:\/\/blogs.correiobraziliense.com.br\/lianasabo\/wp-json\/wp\/v2\/media\/8517"}],"wp:attachment":[{"href":"https:\/\/blogs.correiobraziliense.com.br\/lianasabo\/wp-json\/wp\/v2\/media?parent=8516"}],"wp:term":[{"taxonomy":"category","embeddable":true,"href":"https:\/\/blogs.correiobraziliense.com.br\/lianasabo\/wp-json\/wp\/v2\/categories?post=8516"},{"taxonomy":"post_tag","embeddable":true,"href":"https:\/\/blogs.correiobraziliense.com.br\/lianasabo\/wp-json\/wp\/v2\/tags?post=8516"}],"curies":[{"name":"wp","href":"https:\/\/api.w.org\/{rel}","templated":true}]}}