{"id":8507,"date":"2024-06-21T06:54:34","date_gmt":"2024-06-21T09:54:34","guid":{"rendered":"https:\/\/blogs.correiobraziliense.com.br\/lianasabo\/?p=8507"},"modified":"2024-06-20T20:57:28","modified_gmt":"2024-06-20T23:57:28","slug":"brasis-atelie-gastronomico-abrira-as-portas-em-portugal","status":"publish","type":"post","link":"https:\/\/blogs.correiobraziliense.com.br\/lianasabo\/brasis-atelie-gastronomico-abrira-as-portas-em-portugal\/","title":{"rendered":"Brasis Ateli\u00ea Gastron\u00f4mico abrir\u00e1 as portas em Portugal"},"content":{"rendered":"<p>Na condi\u00e7\u00e3o de produtora cultural, a brasiliense Edilane Oliveira viajou por todo o pa\u00eds e conheceu a diversidade culin\u00e1ria, da\u00ed chamar-se Brasis Ateli\u00ea Gastron\u00f4mico o restaurante montado em uma bonita \u00e1rea verde em volta da cozinha de sua pr\u00f3pria casa no Lago Oeste. Inaugurado em abril em 2019, Brasis vai dar filhote&#8230;em Portugal, para onde a chef restauratrice, cujo nome se tornou apenas Di Oliveira, segue em setembro para \u201ciniciar os preparativos para abrir as portas do Brasis em Lisboa at\u00e9 2025\u201d, informou.<\/p>\n","protected":false},"excerpt":{"rendered":"<p>Na condi\u00e7\u00e3o de produtora cultural, a brasiliense Edilane Oliveira viajou por todo o pa\u00eds e conheceu a diversidade culin\u00e1ria, da\u00ed chamar-se Brasis Ateli\u00ea Gastron\u00f4mico o restaurante montado em uma bonita \u00e1rea verde em volta da cozinha de sua pr\u00f3pria casa no Lago Oeste. Inaugurado em abril em 2019, Brasis vai dar filhote&#8230;em Portugal, para onde a chef restauratrice, cujo nome [&hellip;]<\/p>\n","protected":false},"author":54,"featured_media":8508,"comment_status":"open","ping_status":"open","sticky":false,"template":"","format":"standard","meta":{"footnotes":""},"categories":[326],"tags":[1109,1110],"class_list":["post-8507","post","type-post","status-publish","format-standard","has-post-thumbnail","hentry","category-restaurantes","tag-brasis-atelie-gastronomico","tag-di-oliveira"],"_links":{"self":[{"href":"https:\/\/blogs.correiobraziliense.com.br\/lianasabo\/wp-json\/wp\/v2\/posts\/8507","targetHints":{"allow":["GET"]}}],"collection":[{"href":"https:\/\/blogs.correiobraziliense.com.br\/lianasabo\/wp-json\/wp\/v2\/posts"}],"about":[{"href":"https:\/\/blogs.correiobraziliense.com.br\/lianasabo\/wp-json\/wp\/v2\/types\/post"}],"author":[{"embeddable":true,"href":"https:\/\/blogs.correiobraziliense.com.br\/lianasabo\/wp-json\/wp\/v2\/users\/54"}],"replies":[{"embeddable":true,"href":"https:\/\/blogs.correiobraziliense.com.br\/lianasabo\/wp-json\/wp\/v2\/comments?post=8507"}],"version-history":[{"count":1,"href":"https:\/\/blogs.correiobraziliense.com.br\/lianasabo\/wp-json\/wp\/v2\/posts\/8507\/revisions"}],"predecessor-version":[{"id":8509,"href":"https:\/\/blogs.correiobraziliense.com.br\/lianasabo\/wp-json\/wp\/v2\/posts\/8507\/revisions\/8509"}],"wp:featuredmedia":[{"embeddable":true,"href":"https:\/\/blogs.correiobraziliense.com.br\/lianasabo\/wp-json\/wp\/v2\/media\/8508"}],"wp:attachment":[{"href":"https:\/\/blogs.correiobraziliense.com.br\/lianasabo\/wp-json\/wp\/v2\/media?parent=8507"}],"wp:term":[{"taxonomy":"category","embeddable":true,"href":"https:\/\/blogs.correiobraziliense.com.br\/lianasabo\/wp-json\/wp\/v2\/categories?post=8507"},{"taxonomy":"post_tag","embeddable":true,"href":"https:\/\/blogs.correiobraziliense.com.br\/lianasabo\/wp-json\/wp\/v2\/tags?post=8507"}],"curies":[{"name":"wp","href":"https:\/\/api.w.org\/{rel}","templated":true}]}}