{"id":8503,"date":"2024-06-21T06:43:31","date_gmt":"2024-06-21T09:43:31","guid":{"rendered":"https:\/\/blogs.correiobraziliense.com.br\/lianasabo\/?p=8503"},"modified":"2024-06-20T20:54:20","modified_gmt":"2024-06-20T23:54:20","slug":"grife-bread-king-conquista-paladar-brasiliense","status":"publish","type":"post","link":"https:\/\/blogs.correiobraziliense.com.br\/lianasabo\/grife-bread-king-conquista-paladar-brasiliense\/","title":{"rendered":"Grife Bread King conquista paladar brasiliense"},"content":{"rendered":"<p><em>A marca \u00e9 conhecida pela variedade de p\u00e3es e uma linha completa de massas doces<\/em><\/p>\n<p>Em apenas um ano, completado esta semana, a grife Bread King, primeira padaria de congelados do Brasil, nascida h\u00e1 40 anos em Chapec\u00f3, oeste catarinense, conquistou o paladar do brasiliense rompendo com qualquer preconceito que tivesse sobre produto congelado. A franquia oferece uma variedade de p\u00e3es especiais, tradicionais, artesanais e lights, al\u00e9m de doces, salgados frescos elaborados com ingredientes de qualidade.<\/p>\n<figure id=\"attachment_8504\" aria-describedby=\"caption-attachment-8504\" style=\"width: 800px\" class=\"wp-caption aligncenter\"><a href=\"https:\/\/blogs.correiobraziliense.com.br\/lianasabo\/wp-content\/uploads\/sites\/25\/2024\/06\/WhatsApp-Image-2024-06-20-at-11.42.38.jpeg\"><img loading=\"lazy\" decoding=\"async\" class=\"size-full wp-image-8504\" src=\"https:\/\/blogs.correiobraziliense.com.br\/lianasabo\/wp-content\/uploads\/sites\/25\/2024\/06\/WhatsApp-Image-2024-06-20-at-11.42.38.jpeg\" alt=\"\" width=\"800\" height=\"537\" srcset=\"https:\/\/blogs.correiobraziliense.com.br\/lianasabo\/wp-content\/uploads\/sites\/25\/2024\/06\/WhatsApp-Image-2024-06-20-at-11.42.38.jpeg 800w, https:\/\/blogs.correiobraziliense.com.br\/lianasabo\/wp-content\/uploads\/sites\/25\/2024\/06\/WhatsApp-Image-2024-06-20-at-11.42.38-300x201.jpeg 300w, https:\/\/blogs.correiobraziliense.com.br\/lianasabo\/wp-content\/uploads\/sites\/25\/2024\/06\/WhatsApp-Image-2024-06-20-at-11.42.38-768x516.jpeg 768w, https:\/\/blogs.correiobraziliense.com.br\/lianasabo\/wp-content\/uploads\/sites\/25\/2024\/06\/WhatsApp-Image-2024-06-20-at-11.42.38-550x369.jpeg 550w, https:\/\/blogs.correiobraziliense.com.br\/lianasabo\/wp-content\/uploads\/sites\/25\/2024\/06\/WhatsApp-Image-2024-06-20-at-11.42.38-230x154.jpeg 230w\" sizes=\"auto, (max-width: 800px) 100vw, 800px\" \/><\/a><figcaption id=\"caption-attachment-8504\" class=\"wp-caption-text\">Cr\u00e9dito: Bread King\/divulga\u00e7\u00e3o<\/figcaption><\/figure>\n<p>Al\u00e9m dos p\u00e3es, a marca conta com uma linha completa de massas doces, past\u00e9is de Bel\u00e9m, massas folhadas, croissants, p\u00e3o de queijo, salgados fritos e assados. \u201cNossos salgados s\u00e3o fritos em \u00f3leo de algod\u00e3o, p\u00e3es e pizzas de fermenta\u00e7\u00e3o natural com farinha italiana\u201d, destaca a empres\u00e1ria brasiliense Daniela Fortes Britto de Souza, que trouxe a franquia, que surpreende pela praticidade no uso dos produtos. Basta alguns minutos de forno aquecido que estar\u00e1 pronto o lanche. Bread King ocupa a loja 16 no Bloco A, da 409 Sul, onde funciona todos os dias das 9h \u00e0s 20h30. Telefone 99227-6704.<\/p>\n","protected":false},"excerpt":{"rendered":"<p>A marca \u00e9 conhecida pela variedade de p\u00e3es e uma linha completa de massas doces<\/p>\n","protected":false},"author":54,"featured_media":8505,"comment_status":"open","ping_status":"open","sticky":false,"template":"","format":"standard","meta":{"footnotes":""},"categories":[140],"tags":[1106,1108,1107],"class_list":["post-8503","post","type-post","status-publish","format-standard","has-post-thumbnail","hentry","category-confeitaria","tag-bread-king","tag-doces","tag-paes"],"_links":{"self":[{"href":"https:\/\/blogs.correiobraziliense.com.br\/lianasabo\/wp-json\/wp\/v2\/posts\/8503","targetHints":{"allow":["GET"]}}],"collection":[{"href":"https:\/\/blogs.correiobraziliense.com.br\/lianasabo\/wp-json\/wp\/v2\/posts"}],"about":[{"href":"https:\/\/blogs.correiobraziliense.com.br\/lianasabo\/wp-json\/wp\/v2\/types\/post"}],"author":[{"embeddable":true,"href":"https:\/\/blogs.correiobraziliense.com.br\/lianasabo\/wp-json\/wp\/v2\/users\/54"}],"replies":[{"embeddable":true,"href":"https:\/\/blogs.correiobraziliense.com.br\/lianasabo\/wp-json\/wp\/v2\/comments?post=8503"}],"version-history":[{"count":1,"href":"https:\/\/blogs.correiobraziliense.com.br\/lianasabo\/wp-json\/wp\/v2\/posts\/8503\/revisions"}],"predecessor-version":[{"id":8506,"href":"https:\/\/blogs.correiobraziliense.com.br\/lianasabo\/wp-json\/wp\/v2\/posts\/8503\/revisions\/8506"}],"wp:featuredmedia":[{"embeddable":true,"href":"https:\/\/blogs.correiobraziliense.com.br\/lianasabo\/wp-json\/wp\/v2\/media\/8505"}],"wp:attachment":[{"href":"https:\/\/blogs.correiobraziliense.com.br\/lianasabo\/wp-json\/wp\/v2\/media?parent=8503"}],"wp:term":[{"taxonomy":"category","embeddable":true,"href":"https:\/\/blogs.correiobraziliense.com.br\/lianasabo\/wp-json\/wp\/v2\/categories?post=8503"},{"taxonomy":"post_tag","embeddable":true,"href":"https:\/\/blogs.correiobraziliense.com.br\/lianasabo\/wp-json\/wp\/v2\/tags?post=8503"}],"curies":[{"name":"wp","href":"https:\/\/api.w.org\/{rel}","templated":true}]}}