{"id":8480,"date":"2024-06-16T06:19:39","date_gmt":"2024-06-16T09:19:39","guid":{"rendered":"https:\/\/blogs.correiobraziliense.com.br\/lianasabo\/?p=8480"},"modified":"2024-06-15T13:30:03","modified_gmt":"2024-06-15T16:30:03","slug":"dia-da-imigracao-japonesa-sera-comemorado-com-festival-gastronomico","status":"publish","type":"post","link":"https:\/\/blogs.correiobraziliense.com.br\/lianasabo\/dia-da-imigracao-japonesa-sera-comemorado-com-festival-gastronomico\/","title":{"rendered":"Dia da imigra\u00e7\u00e3o japonesa ser\u00e1 comemorado com festival gastron\u00f4mico"},"content":{"rendered":"<p><em>De 17 a 23 de junho, 11 estabelecimentos de culin\u00e1ria do Jap\u00e3o apresentar\u00e3o pratos t\u00edpicos a pre\u00e7os promocionais<\/em><\/p>\n<p>O primeiro navio trazendo imigrantes japoneses para o Brasil aportou em Santos (SP) em 18 de junho de 1908 ap\u00f3s uma viagem de 52 dias de Kobe. J\u00e1 se v\u00e3o 116 anos do in\u00edcio da imigra\u00e7\u00e3o desta popula\u00e7\u00e3o no pa\u00eds. Em celebra\u00e7\u00e3o a essa data, a Embaixada do Jap\u00e3o em Bras\u00edlia promove, pela primeira vez, o evento Jap\u00e3o Gastron\u00f4mico. A iniciativa conta com 11 restaurantes locais que estabeleceram uma sele\u00e7\u00e3o de pratos t\u00edpicos a serem servidos por valor promo\u00e7\u00e3o entre os dias 17 e 23 de junho.<\/p>\n<figure id=\"attachment_8482\" aria-describedby=\"caption-attachment-8482\" style=\"width: 200px\" class=\"wp-caption alignright\"><a href=\"https:\/\/blogs.correiobraziliense.com.br\/lianasabo\/wp-content\/uploads\/sites\/25\/2024\/06\/New-Koto_teishoku.jpg\"><img loading=\"lazy\" decoding=\"async\" class=\"size-medium wp-image-8482\" src=\"https:\/\/blogs.correiobraziliense.com.br\/lianasabo\/wp-content\/uploads\/sites\/25\/2024\/06\/New-Koto_teishoku-200x300.jpg\" alt=\"\" width=\"200\" height=\"300\" srcset=\"https:\/\/blogs.correiobraziliense.com.br\/lianasabo\/wp-content\/uploads\/sites\/25\/2024\/06\/New-Koto_teishoku-200x300.jpg 200w, https:\/\/blogs.correiobraziliense.com.br\/lianasabo\/wp-content\/uploads\/sites\/25\/2024\/06\/New-Koto_teishoku-768x1152.jpg 768w, https:\/\/blogs.correiobraziliense.com.br\/lianasabo\/wp-content\/uploads\/sites\/25\/2024\/06\/New-Koto_teishoku-683x1024.jpg 683w, https:\/\/blogs.correiobraziliense.com.br\/lianasabo\/wp-content\/uploads\/sites\/25\/2024\/06\/New-Koto_teishoku.jpg 800w, https:\/\/blogs.correiobraziliense.com.br\/lianasabo\/wp-content\/uploads\/sites\/25\/2024\/06\/New-Koto_teishoku-550x825.jpg 550w, https:\/\/blogs.correiobraziliense.com.br\/lianasabo\/wp-content\/uploads\/sites\/25\/2024\/06\/New-Koto_teishoku-230x345.jpg 230w\" sizes=\"auto, (max-width: 200px) 100vw, 200px\" \/><\/a><figcaption id=\"caption-attachment-8482\" class=\"wp-caption-text\">Cr\u00e9dito: New Koto\/Divulga\u00e7\u00e3o. Teishoku<\/figcaption><\/figure>\n<p>Durante uma semana, o brasiliense ter\u00e1 a oportunidade de degustar a culin\u00e1ria japoesa em pratos com pre\u00e7os partir de R$ 25. Participam do Jap\u00e3o Gastron\u00f4mico os seguintes estabelecimentos: Donburi; Rosa Takematsu Sushi; Goemon; Katsu Lamen House; New Koto; Noru Sushi; Sakeyo; Samurai Sushi; Sum\u00f4; Takoyu; e Umami Deli.<\/p>\n<p>O menu inclui, al\u00e9m dos cl\u00e1ssicos combinados de sushi e omakase, op\u00e7\u00f5es de teishoku (farta refei\u00e7\u00e3o japonesa completa com arroz e acompanhamentos) e lanches populares do Jap\u00e3o, como o takoyaki (bolinha recheada com polvo), taiyaki (doce em forma de peixe) e a vers\u00e3o japonesa do docinho choux cream. Uma sele\u00e7\u00e3o de lamens (macarr\u00e3o servido com caldo \u00e0 base de shoyu), miss\u00f4 e carne de ave ou porco tamb\u00e9m faz parte das promo\u00e7\u00f5es. Confira <a href=\"https:\/\/www.br.emb-japan.go.jp\/itpr_pt\/11_000001_00893.html#1\">aqui<\/a> os card\u00e1pios.<\/p>\n<p>Estima-se que cerca de 2,7 milh\u00f5es de japoneses e descendentes componham a comunidade nikkei no Brasil atualmente, aproximadamente 31 mil deles no DF.<\/p>\n","protected":false},"excerpt":{"rendered":"<p>De 17 a 23 de junho, 11 estabelecimentos de culin\u00e1ria do Jap\u00e3o apresentar\u00e3o pratos t\u00edpicos a pre\u00e7os promocionais<\/p>\n","protected":false},"author":54,"featured_media":8481,"comment_status":"open","ping_status":"open","sticky":false,"template":"","format":"standard","meta":{"footnotes":""},"categories":[1],"tags":[1101,893,1102],"class_list":["post-8480","post","type-post","status-publish","format-standard","has-post-thumbnail","hentry","category-sem-categoria","tag-dia-da-imigracao-japonesa","tag-embaixada-do-japao","tag-japao-gastronomico"],"_links":{"self":[{"href":"https:\/\/blogs.correiobraziliense.com.br\/lianasabo\/wp-json\/wp\/v2\/posts\/8480","targetHints":{"allow":["GET"]}}],"collection":[{"href":"https:\/\/blogs.correiobraziliense.com.br\/lianasabo\/wp-json\/wp\/v2\/posts"}],"about":[{"href":"https:\/\/blogs.correiobraziliense.com.br\/lianasabo\/wp-json\/wp\/v2\/types\/post"}],"author":[{"embeddable":true,"href":"https:\/\/blogs.correiobraziliense.com.br\/lianasabo\/wp-json\/wp\/v2\/users\/54"}],"replies":[{"embeddable":true,"href":"https:\/\/blogs.correiobraziliense.com.br\/lianasabo\/wp-json\/wp\/v2\/comments?post=8480"}],"version-history":[{"count":1,"href":"https:\/\/blogs.correiobraziliense.com.br\/lianasabo\/wp-json\/wp\/v2\/posts\/8480\/revisions"}],"predecessor-version":[{"id":8483,"href":"https:\/\/blogs.correiobraziliense.com.br\/lianasabo\/wp-json\/wp\/v2\/posts\/8480\/revisions\/8483"}],"wp:featuredmedia":[{"embeddable":true,"href":"https:\/\/blogs.correiobraziliense.com.br\/lianasabo\/wp-json\/wp\/v2\/media\/8481"}],"wp:attachment":[{"href":"https:\/\/blogs.correiobraziliense.com.br\/lianasabo\/wp-json\/wp\/v2\/media?parent=8480"}],"wp:term":[{"taxonomy":"category","embeddable":true,"href":"https:\/\/blogs.correiobraziliense.com.br\/lianasabo\/wp-json\/wp\/v2\/categories?post=8480"},{"taxonomy":"post_tag","embeddable":true,"href":"https:\/\/blogs.correiobraziliense.com.br\/lianasabo\/wp-json\/wp\/v2\/tags?post=8480"}],"curies":[{"name":"wp","href":"https:\/\/api.w.org\/{rel}","templated":true}]}}