{"id":8476,"date":"2024-06-15T12:54:10","date_gmt":"2024-06-15T15:54:10","guid":{"rendered":"https:\/\/blogs.correiobraziliense.com.br\/lianasabo\/?p=8476"},"modified":"2024-06-15T12:55:29","modified_gmt":"2024-06-15T15:55:29","slug":"circuito-brasilia-de-bares-comeca-neste-sabado-com-30-estabelecimentos-participantes","status":"publish","type":"post","link":"https:\/\/blogs.correiobraziliense.com.br\/lianasabo\/circuito-brasilia-de-bares-comeca-neste-sabado-com-30-estabelecimentos-participantes\/","title":{"rendered":"Circuito Bras\u00edlia de Bares come\u00e7a neste s\u00e1bado com 30 estabelecimentos participantes"},"content":{"rendered":"<p><em>A nova edi\u00e7\u00e3o do evento segue at\u00e9 15 de agosto com card\u00e1pio espec\u00edfico e pre\u00e7os promocionais<\/em><\/p>\n<p>Lan\u00e7ado no ano passado, o Circuito Bras\u00edlia de Bares est\u00e1 de volta. A segunda edi\u00e7\u00e3o do CBB come\u00e7a neste s\u00e1bado (15\/6) e segue at\u00e9 15 de agosto com a participa\u00e7\u00e3o de 30 estabelecimentos. Cada um deles, criou um petisco para ser servido em um combo com cerveja ou chope pelo valor de R$ 59.<\/p>\n<p>O objetivo do festival \u00e9 dar oportunidade para o p\u00fablico conhecer novos locais e experimentar novos pratos acompanhado de Spaten, patrocinadora do evento.<\/p>\n<p>E, neste ano, tem mais um est\u00edmulo. Todos os clientes receber\u00e3o um mapa com a jornada do circuito e, a cada visita, receber\u00e3o um selo. A cada 5, 15 ou 30 selos acumulados, o cliente garante um pr\u00eamio especial, entre os brindes est\u00e3o canecas, caixas de cerveja e at\u00e9 um ano gr\u00e1tis de Spaten.<\/p>\n<p><strong>Confira os bares participantes do CBB<\/strong><\/p>\n<p>Pinella \u2013 CLN 408<\/p>\n<p>Primo Pobre \u2013 CLN 203<\/p>\n<p>Mimo Bar \u2013 CLN 205<\/p>\n<p>Deboche \u2013 CLN 201<\/p>\n<p>Godofredo \u2013 CLN 408<\/p>\n<p>Bar do Lustre \u2013 CLN 412<\/p>\n<p>Braz\u00f3lia \u2013 SGO Q 3<\/p>\n<p>Barzin \u2013 CLN 413<\/p>\n<p>Beirute Asa Norte \u2013 CLN 107<\/p>\n<p>Inverso \u2013 CLN 211<\/p>\n<p>Tra\u00e7ado \u2013 CLN 404<\/p>\n<p>Vers\u00e3o Brasileira \u2013 CLS 201<\/p>\n<p>Na Venda \u2013 CLS 411<\/p>\n<p>Boa Pra\u00e7a \u2013 CLS 201<\/p>\n<p>Beirute Asa Sul \u2013 CLS 109<\/p>\n<p>Casa Mar \u2013 CLS 306<\/p>\n<p>Alpinos \u2013 Parque da Cidade<\/p>\n<p>Vibe Boa \u2013 QNN 01 &#8211; Ceil\u00e2ndia<\/p>\n<p>Supremo \u2013 Q 03 Gama<\/p>\n<p>Trends Bar \u2013 Q 05 Gama<\/p>\n<p>Puxadinho \u2013 Condom\u00ednio Imp\u00e9rio dos Nobres \u2013 Colorado<\/p>\n<p>Santa F\u00e9 \u2013 Condom\u00ednio San Diego \u2013 Jardim Bot\u00e2nico<\/p>\n<p>Zay na 15\/Clementina \u2013 STHIS QI 15 \u2013 Lago Sul<\/p>\n<p>Dom Muster \u2013 QS 06 conj 5 \u2013 Samambaia<\/p>\n<p>Fora do Eixo \u2013 SIG QD 03 \u2013 Sudoeste<\/p>\n<p>Deck Bar \u2013 Ch\u00e1cara 55 \u2013 Vicente Pires<\/p>\n<p>Sacada \u2013 Sha Cj 06 \u2013 \u00c1guas Claras<\/p>\n<p>Rio Butiquim \u2013 Rua 33\/34 \u2013 \u00c1guas Claras<\/p>\n<p>Seu Nor\u00f4 &#8211; CLNW 10\/11 \u2013 Noroeste<\/p>\n","protected":false},"excerpt":{"rendered":"<p>A nova edi\u00e7\u00e3o do evento segue at\u00e9 15 de agosto com card\u00e1pio espec\u00edfico e pre\u00e7os promocionais Lan\u00e7ado no ano passado, o Circuito Bras\u00edlia de Bares est\u00e1 de volta. A segunda edi\u00e7\u00e3o do CBB come\u00e7a neste s\u00e1bado (15\/6) e segue at\u00e9 15 de agosto com a participa\u00e7\u00e3o de 30 estabelecimentos. Cada um deles, criou um petisco para ser servido em um [&hellip;]<\/p>\n","protected":false},"author":54,"featured_media":8477,"comment_status":"open","ping_status":"open","sticky":false,"template":"","format":"standard","meta":{"footnotes":""},"categories":[225],"tags":[1100,822,54],"class_list":["post-8476","post","type-post","status-publish","format-standard","has-post-thumbnail","hentry","category-bares","tag-bares","tag-circuito-brasilia-de-bares","tag-festival"],"_links":{"self":[{"href":"https:\/\/blogs.correiobraziliense.com.br\/lianasabo\/wp-json\/wp\/v2\/posts\/8476","targetHints":{"allow":["GET"]}}],"collection":[{"href":"https:\/\/blogs.correiobraziliense.com.br\/lianasabo\/wp-json\/wp\/v2\/posts"}],"about":[{"href":"https:\/\/blogs.correiobraziliense.com.br\/lianasabo\/wp-json\/wp\/v2\/types\/post"}],"author":[{"embeddable":true,"href":"https:\/\/blogs.correiobraziliense.com.br\/lianasabo\/wp-json\/wp\/v2\/users\/54"}],"replies":[{"embeddable":true,"href":"https:\/\/blogs.correiobraziliense.com.br\/lianasabo\/wp-json\/wp\/v2\/comments?post=8476"}],"version-history":[{"count":2,"href":"https:\/\/blogs.correiobraziliense.com.br\/lianasabo\/wp-json\/wp\/v2\/posts\/8476\/revisions"}],"predecessor-version":[{"id":8479,"href":"https:\/\/blogs.correiobraziliense.com.br\/lianasabo\/wp-json\/wp\/v2\/posts\/8476\/revisions\/8479"}],"wp:featuredmedia":[{"embeddable":true,"href":"https:\/\/blogs.correiobraziliense.com.br\/lianasabo\/wp-json\/wp\/v2\/media\/8477"}],"wp:attachment":[{"href":"https:\/\/blogs.correiobraziliense.com.br\/lianasabo\/wp-json\/wp\/v2\/media?parent=8476"}],"wp:term":[{"taxonomy":"category","embeddable":true,"href":"https:\/\/blogs.correiobraziliense.com.br\/lianasabo\/wp-json\/wp\/v2\/categories?post=8476"},{"taxonomy":"post_tag","embeddable":true,"href":"https:\/\/blogs.correiobraziliense.com.br\/lianasabo\/wp-json\/wp\/v2\/tags?post=8476"}],"curies":[{"name":"wp","href":"https:\/\/api.w.org\/{rel}","templated":true}]}}