{"id":8463,"date":"2024-06-14T06:38:46","date_gmt":"2024-06-14T09:38:46","guid":{"rendered":"https:\/\/blogs.correiobraziliense.com.br\/lianasabo\/?p=8463"},"modified":"2024-06-13T20:43:33","modified_gmt":"2024-06-13T23:43:33","slug":"enologo-frederico-falcao-apresentou-a-diversidade-dos-vinhos-portugueses","status":"publish","type":"post","link":"https:\/\/blogs.correiobraziliense.com.br\/lianasabo\/enologo-frederico-falcao-apresentou-a-diversidade-dos-vinhos-portugueses\/","title":{"rendered":"En\u00f3logo Frederico Falc\u00e3o apresenta a diversidade dos vinhos portugueses"},"content":{"rendered":"<p>N\u00e3o h\u00e1 no mundo pa\u00eds que tenha mais variedade de castas de uvas que Portugal. S\u00e3o mais de 250. Al\u00e9m disso, algumas tem dois ou tr\u00eas nomes distintos, da\u00ed a complexidade da vitivinicultura portuguesa, que exporta quase a metade de tudo o que produz, cerca de 44%. O consumo interno de vinho tamb\u00e9m \u00e9 alto num pa\u00eds t\u00e3o pequeno, cujo territ\u00f3rio n\u00e3o consta entre os cem primeiros do planeta. Mas em mat\u00e9ria de vinho \u00e9 um gigante.<\/p>\n<figure id=\"attachment_8465\" aria-describedby=\"caption-attachment-8465\" style=\"width: 169px\" class=\"wp-caption alignleft\"><a href=\"https:\/\/blogs.correiobraziliense.com.br\/lianasabo\/wp-content\/uploads\/sites\/25\/2024\/06\/WhatsApp-Image-2024-06-13-at-17.37.33-1.jpeg\"><img loading=\"lazy\" decoding=\"async\" class=\"wp-image-8465 size-medium\" src=\"https:\/\/blogs.correiobraziliense.com.br\/lianasabo\/wp-content\/uploads\/sites\/25\/2024\/06\/WhatsApp-Image-2024-06-13-at-17.37.33-1-169x300.jpeg\" alt=\"\" width=\"169\" height=\"300\" srcset=\"https:\/\/blogs.correiobraziliense.com.br\/lianasabo\/wp-content\/uploads\/sites\/25\/2024\/06\/WhatsApp-Image-2024-06-13-at-17.37.33-1-169x300.jpeg 169w, https:\/\/blogs.correiobraziliense.com.br\/lianasabo\/wp-content\/uploads\/sites\/25\/2024\/06\/WhatsApp-Image-2024-06-13-at-17.37.33-1-768x1365.jpeg 768w, https:\/\/blogs.correiobraziliense.com.br\/lianasabo\/wp-content\/uploads\/sites\/25\/2024\/06\/WhatsApp-Image-2024-06-13-at-17.37.33-1-576x1024.jpeg 576w, https:\/\/blogs.correiobraziliense.com.br\/lianasabo\/wp-content\/uploads\/sites\/25\/2024\/06\/WhatsApp-Image-2024-06-13-at-17.37.33-1.jpeg 800w, https:\/\/blogs.correiobraziliense.com.br\/lianasabo\/wp-content\/uploads\/sites\/25\/2024\/06\/WhatsApp-Image-2024-06-13-at-17.37.33-1-550x978.jpeg 550w, https:\/\/blogs.correiobraziliense.com.br\/lianasabo\/wp-content\/uploads\/sites\/25\/2024\/06\/WhatsApp-Image-2024-06-13-at-17.37.33-1-230x409.jpeg 230w\" sizes=\"auto, (max-width: 169px) 100vw, 169px\" \/><\/a><figcaption id=\"caption-attachment-8465\" class=\"wp-caption-text\">O en\u00f3logo presidente da ViniPortugal, Frederico Falc\u00e3o<\/figcaption><\/figure>\n<p>O consumo per capita \u00e9 64,7 litros por ano, enquanto no Brasil, que \u00e9 o quinto maior do mundo, \u00e9 de apenas 3 litros por ano. Os n\u00fameros foram apresentados pelo en\u00f3logo Frederico Falc\u00e3o, presidente da ViniPortugal, que comandou degusta\u00e7\u00e3o de oito r\u00f3tulos, segunda-feira, na Embaixada de Portugal. Ele atribui o elevado \u00edndice do consumo ao fator turismo. O pa\u00eds \u00e9 visitado por turistas do mundo inteiro atra\u00eddos pela qualidade da comida e do vinho muito acess\u00edvel, al\u00e9m da hist\u00f3ria.<\/p>\n<p>Destaque para tr\u00eas tintos: o blend de Jaen, Touriga Nacional e Alfrocheiro da vin\u00edcola Textura da Estrela, feito no D\u00e3o; um cl\u00e1ssico do Alentejo Tapada do Chaves Reserva 2017 e do Douro, Crasto 2020, feito de cinco castas: Touriga Nacional, Tinta Roriz, Touriga Franca e Tinta Barroca.<\/p>\n","protected":false},"excerpt":{"rendered":"<p>N\u00e3o h\u00e1 no mundo pa\u00eds que tenha mais variedade de castas de uvas que Portugal. S\u00e3o mais de 250. Al\u00e9m disso, algumas tem dois ou tr\u00eas nomes distintos, da\u00ed a complexidade da vitivinicultura portuguesa, que exporta quase a metade de tudo o que produz, cerca de 44%. O consumo interno de vinho tamb\u00e9m \u00e9 alto num pa\u00eds t\u00e3o pequeno, cujo [&hellip;]<\/p>\n","protected":false},"author":54,"featured_media":8464,"comment_status":"open","ping_status":"open","sticky":false,"template":"","format":"standard","meta":{"footnotes":""},"categories":[222],"tags":[302,425],"class_list":["post-8463","post","type-post","status-publish","format-standard","has-post-thumbnail","hentry","category-vinhos","tag-portugal","tag-vinhos"],"_links":{"self":[{"href":"https:\/\/blogs.correiobraziliense.com.br\/lianasabo\/wp-json\/wp\/v2\/posts\/8463","targetHints":{"allow":["GET"]}}],"collection":[{"href":"https:\/\/blogs.correiobraziliense.com.br\/lianasabo\/wp-json\/wp\/v2\/posts"}],"about":[{"href":"https:\/\/blogs.correiobraziliense.com.br\/lianasabo\/wp-json\/wp\/v2\/types\/post"}],"author":[{"embeddable":true,"href":"https:\/\/blogs.correiobraziliense.com.br\/lianasabo\/wp-json\/wp\/v2\/users\/54"}],"replies":[{"embeddable":true,"href":"https:\/\/blogs.correiobraziliense.com.br\/lianasabo\/wp-json\/wp\/v2\/comments?post=8463"}],"version-history":[{"count":2,"href":"https:\/\/blogs.correiobraziliense.com.br\/lianasabo\/wp-json\/wp\/v2\/posts\/8463\/revisions"}],"predecessor-version":[{"id":8467,"href":"https:\/\/blogs.correiobraziliense.com.br\/lianasabo\/wp-json\/wp\/v2\/posts\/8463\/revisions\/8467"}],"wp:featuredmedia":[{"embeddable":true,"href":"https:\/\/blogs.correiobraziliense.com.br\/lianasabo\/wp-json\/wp\/v2\/media\/8464"}],"wp:attachment":[{"href":"https:\/\/blogs.correiobraziliense.com.br\/lianasabo\/wp-json\/wp\/v2\/media?parent=8463"}],"wp:term":[{"taxonomy":"category","embeddable":true,"href":"https:\/\/blogs.correiobraziliense.com.br\/lianasabo\/wp-json\/wp\/v2\/categories?post=8463"},{"taxonomy":"post_tag","embeddable":true,"href":"https:\/\/blogs.correiobraziliense.com.br\/lianasabo\/wp-json\/wp\/v2\/tags?post=8463"}],"curies":[{"name":"wp","href":"https:\/\/api.w.org\/{rel}","templated":true}]}}