{"id":844,"date":"2016-12-21T14:37:12","date_gmt":"2016-12-21T16:37:12","guid":{"rendered":"https:\/\/blogs.correiobraziliense.com.br\/lianasabo\/?p=844"},"modified":"2016-12-21T14:39:05","modified_gmt":"2016-12-21T16:39:05","slug":"confira-dicas-de-restaurantes-que-terao-ceia-de-natal","status":"publish","type":"post","link":"https:\/\/blogs.correiobraziliense.com.br\/lianasabo\/confira-dicas-de-restaurantes-que-terao-ceia-de-natal\/","title":{"rendered":"Confira dicas de restaurantes abertos no Natal"},"content":{"rendered":"<p>* Dudu Camargo sugere para 24 e 25 de dezembro, salada de tender com calda de frutas secas e cuscuz marroquino (R$ 49,90); peito de peru ao molho r\u00fastico com Frangelico, farofa de cebola e arroz de alho por\u00f3 (R$ 52,30) e arroz com lascas de bacalhau e tomate, azeitona preta, ovos ralados e crocante de cebola (R$ 69) no almo\u00e7o e jantar tanto na 303 Sul como no Lago.<\/p>\n<p>* J\u00e1 o Dom Francisco da Asbac, al\u00e9m do almo\u00e7o servir\u00e1 tamb\u00e9m a ceia nos dias 24 e 31. No menu, salada tropical ou reggiana, peito de peru ao forno com faroga de frutas secs ou bacalhau em posta na brasda com batatas assadas ao alecrim e sal grosso e, de sobremesa, verrine de pistache e mascarpone ou torta trufada de chocolate branco. Sai por R$ 99,00 a ceia com peru e R$ 150 a com bacalhau. Reservas: 3224-8429.<\/p>\n<p>* A rede Outback garante que os itens da carta de bebidas \u2014 com exce\u00e7\u00e3o de cervejas importadas, vinhos em garrafa e destilados \u2014 ser\u00e3o servidos com 50% de desconto num dia especial chamado Billabong Day. Nos endere\u00e7os do ParkShopping, Iguatemi e Pier 21, o desconto ser\u00e1 dado domingo, no hor\u00e1rio das 17h \u00e0s 22h30.<\/p>\n<p>*<\/p>\n<p><a href=\"https:\/\/blogs.correiobraziliense.com.br\/lianasabo\/wp-content\/uploads\/sites\/25\/2016\/12\/CBPFOT011020163167.jpg\" rel=\"attachment wp-att-845\"><img loading=\"lazy\" decoding=\"async\" class=\"alignleft wp-image-845 size-medium\" src=\"https:\/\/blogs.correiobraziliense.com.br\/lianasabo\/wp-content\/uploads\/sites\/25\/2016\/12\/CBPFOT011020163167-300x199.jpg\" alt=\"Andr\u00e9 Violatti\/Esp.CB\/D.A Press.\" width=\"300\" height=\"199\" srcset=\"https:\/\/blogs.correiobraziliense.com.br\/lianasabo\/wp-content\/uploads\/sites\/25\/2016\/12\/CBPFOT011020163167-300x199.jpg 300w, https:\/\/blogs.correiobraziliense.com.br\/lianasabo\/wp-content\/uploads\/sites\/25\/2016\/12\/CBPFOT011020163167-768x510.jpg 768w, https:\/\/blogs.correiobraziliense.com.br\/lianasabo\/wp-content\/uploads\/sites\/25\/2016\/12\/CBPFOT011020163167-550x365.jpg 550w, https:\/\/blogs.correiobraziliense.com.br\/lianasabo\/wp-content\/uploads\/sites\/25\/2016\/12\/CBPFOT011020163167-230x153.jpg 230w, https:\/\/blogs.correiobraziliense.com.br\/lianasabo\/wp-content\/uploads\/sites\/25\/2016\/12\/CBPFOT011020163167.jpg 800w\" sizes=\"auto, (max-width: 300px) 100vw, 300px\" \/><\/a><\/p>\n<p>No Tejo, voc\u00ea poder\u00e1 almo\u00e7ar 24 de dezembro, dias 31 e 1\u00ba de janeiro. No card\u00e1pio, destaque para o peru recheado com castanhas portuguesas, escoltado de batatas noisettes e champignon por R$ 98, por pessoa. Outra op\u00e7\u00e3o \u00e9 o cabrito assado no forno com arroz e batatas (R$ 115), al\u00e9m das rabanadas portuguesas com vinho do Porto. Os mesmos pratos podem ser encomendados para a ceia em casa. Telefone: 3267-7005.<\/p>\n","protected":false},"excerpt":{"rendered":"<p>* Dudu Camargo sugere para 24 e 25 de dezembro, salada de tender com calda de frutas secas e cuscuz marroquino (R$ 49,90); peito de peru ao molho r\u00fastico com Frangelico, farofa de cebola e arroz de alho por\u00f3 (R$ 52,30) e arroz com lascas de bacalhau e tomate, azeitona preta, ovos ralados e crocante de cebola (R$ 69) no [&hellip;]<\/p>\n","protected":false},"author":54,"featured_media":846,"comment_status":"open","ping_status":"open","sticky":false,"template":"","format":"standard","meta":{"footnotes":""},"categories":[1],"tags":[],"class_list":["post-844","post","type-post","status-publish","format-standard","has-post-thumbnail","hentry","category-sem-categoria"],"_links":{"self":[{"href":"https:\/\/blogs.correiobraziliense.com.br\/lianasabo\/wp-json\/wp\/v2\/posts\/844","targetHints":{"allow":["GET"]}}],"collection":[{"href":"https:\/\/blogs.correiobraziliense.com.br\/lianasabo\/wp-json\/wp\/v2\/posts"}],"about":[{"href":"https:\/\/blogs.correiobraziliense.com.br\/lianasabo\/wp-json\/wp\/v2\/types\/post"}],"author":[{"embeddable":true,"href":"https:\/\/blogs.correiobraziliense.com.br\/lianasabo\/wp-json\/wp\/v2\/users\/54"}],"replies":[{"embeddable":true,"href":"https:\/\/blogs.correiobraziliense.com.br\/lianasabo\/wp-json\/wp\/v2\/comments?post=844"}],"version-history":[{"count":3,"href":"https:\/\/blogs.correiobraziliense.com.br\/lianasabo\/wp-json\/wp\/v2\/posts\/844\/revisions"}],"predecessor-version":[{"id":849,"href":"https:\/\/blogs.correiobraziliense.com.br\/lianasabo\/wp-json\/wp\/v2\/posts\/844\/revisions\/849"}],"wp:featuredmedia":[{"embeddable":true,"href":"https:\/\/blogs.correiobraziliense.com.br\/lianasabo\/wp-json\/wp\/v2\/media\/846"}],"wp:attachment":[{"href":"https:\/\/blogs.correiobraziliense.com.br\/lianasabo\/wp-json\/wp\/v2\/media?parent=844"}],"wp:term":[{"taxonomy":"category","embeddable":true,"href":"https:\/\/blogs.correiobraziliense.com.br\/lianasabo\/wp-json\/wp\/v2\/categories?post=844"},{"taxonomy":"post_tag","embeddable":true,"href":"https:\/\/blogs.correiobraziliense.com.br\/lianasabo\/wp-json\/wp\/v2\/tags?post=844"}],"curies":[{"name":"wp","href":"https:\/\/api.w.org\/{rel}","templated":true}]}}