{"id":8426,"date":"2024-06-07T17:30:42","date_gmt":"2024-06-07T20:30:42","guid":{"rendered":"https:\/\/blogs.correiobraziliense.com.br\/lianasabo\/?p=8426"},"modified":"2024-06-07T17:30:42","modified_gmt":"2024-06-07T20:30:42","slug":"evento-com-lucas-corazza-em-15-de-junho-na-cozinha-do-cavaleiro-e-cancelado","status":"publish","type":"post","link":"https:\/\/blogs.correiobraziliense.com.br\/lianasabo\/evento-com-lucas-corazza-em-15-de-junho-na-cozinha-do-cavaleiro-e-cancelado\/","title":{"rendered":"Evento com Lucas Corazza em 15 de junho na Cozinha do Cavaleiro \u00e9 cancelado"},"content":{"rendered":"<p>A Cozinha do Cavaleiro, em S\u00e3o Jorge, \u00e9 um reconhecido restaurante regional de comida afetiva e autoral. Administrada pelos chefs Lui Veronese e Lu Rodrigues, a casa atualiza sua programa\u00e7\u00e3o deste m\u00eas de junho.<\/p>\n<p>Batizada de Cozinha do Cavaleiro Convida, a data de 15 de junho marcaria a presen\u00e7a de Lucas Corazza para um menu degusta\u00e7\u00e3o de sete etapas em colabora\u00e7\u00e3o com os residentes. O renomado confeiteiro paulistano \u00e9 jurado do programa Que Seja Doce, da GNT, al\u00e9m de professor.<\/p>\n<p>Lucas foi internado no fim do m\u00eas de maio e precisou ir para a UTI. Embora sua sa\u00fade esteja est\u00e1vel, por recomenda\u00e7\u00e3o dos m\u00e9dicos, o jantar ter\u00e1 de ser cancelado na data prevista. A eventual mudan\u00e7a ainda aguarda atualiza\u00e7\u00f5es para um poss\u00edvel reagendamento, que ser\u00e1 informado diretamente aos clientes e canais de comunica\u00e7\u00e3o interessados.<\/p>\n<p>A parceria permanece ativa e o carinho da Cozinha do Cavaleiro direcionado a criar novas experi\u00eancias envolvendo alta gastronomia e o Cerrado como cen\u00e1rio.<\/p>\n","protected":false},"excerpt":{"rendered":"<p>A Cozinha do Cavaleiro, em S\u00e3o Jorge, \u00e9 um reconhecido restaurante regional de comida afetiva e autoral. Administrada pelos chefs Lui Veronese e Lu Rodrigues, a casa atualiza sua programa\u00e7\u00e3o deste m\u00eas de junho. Batizada de Cozinha do Cavaleiro Convida, a data de 15 de junho marcaria a presen\u00e7a de Lucas Corazza para um menu degusta\u00e7\u00e3o de sete etapas em [&hellip;]<\/p>\n","protected":false},"author":54,"featured_media":0,"comment_status":"open","ping_status":"open","sticky":false,"template":"","format":"standard","meta":{"footnotes":""},"categories":[1],"tags":[],"class_list":["post-8426","post","type-post","status-publish","format-standard","hentry","category-sem-categoria"],"_links":{"self":[{"href":"https:\/\/blogs.correiobraziliense.com.br\/lianasabo\/wp-json\/wp\/v2\/posts\/8426","targetHints":{"allow":["GET"]}}],"collection":[{"href":"https:\/\/blogs.correiobraziliense.com.br\/lianasabo\/wp-json\/wp\/v2\/posts"}],"about":[{"href":"https:\/\/blogs.correiobraziliense.com.br\/lianasabo\/wp-json\/wp\/v2\/types\/post"}],"author":[{"embeddable":true,"href":"https:\/\/blogs.correiobraziliense.com.br\/lianasabo\/wp-json\/wp\/v2\/users\/54"}],"replies":[{"embeddable":true,"href":"https:\/\/blogs.correiobraziliense.com.br\/lianasabo\/wp-json\/wp\/v2\/comments?post=8426"}],"version-history":[{"count":1,"href":"https:\/\/blogs.correiobraziliense.com.br\/lianasabo\/wp-json\/wp\/v2\/posts\/8426\/revisions"}],"predecessor-version":[{"id":8427,"href":"https:\/\/blogs.correiobraziliense.com.br\/lianasabo\/wp-json\/wp\/v2\/posts\/8426\/revisions\/8427"}],"wp:attachment":[{"href":"https:\/\/blogs.correiobraziliense.com.br\/lianasabo\/wp-json\/wp\/v2\/media?parent=8426"}],"wp:term":[{"taxonomy":"category","embeddable":true,"href":"https:\/\/blogs.correiobraziliense.com.br\/lianasabo\/wp-json\/wp\/v2\/categories?post=8426"},{"taxonomy":"post_tag","embeddable":true,"href":"https:\/\/blogs.correiobraziliense.com.br\/lianasabo\/wp-json\/wp\/v2\/tags?post=8426"}],"curies":[{"name":"wp","href":"https:\/\/api.w.org\/{rel}","templated":true}]}}