{"id":8420,"date":"2024-06-07T06:04:37","date_gmt":"2024-06-07T09:04:37","guid":{"rendered":"https:\/\/blogs.correiobraziliense.com.br\/lianasabo\/?p=8420"},"modified":"2024-06-06T22:29:05","modified_gmt":"2024-06-07T01:29:05","slug":"mais-de-70-rotulos-de-vinhos-estarao-disponiveis-no-wine-farm","status":"publish","type":"post","link":"https:\/\/blogs.correiobraziliense.com.br\/lianasabo\/mais-de-70-rotulos-de-vinhos-estarao-disponiveis-no-wine-farm\/","title":{"rendered":"Mais de 70 r\u00f3tulos de vinhos estar\u00e3o dispon\u00edveis no Wine &amp; Farm"},"content":{"rendered":"<p><em>A nova edi\u00e7\u00e3o do evento ser\u00e1 no s\u00e1bado (8\/6), na Costelaria Ga\u00facha Small Farm<\/em><\/p>\n<p>Pela terceira vez, o evento Wine &amp; Farm transformar\u00e1 a Costelaria Ga\u00facha Small Farm, pr\u00f3xima \u00e0 Ponte JK, num grande espa\u00e7o de degusta\u00e7\u00e3o de vinhos. Neste s\u00e1bado, 8 de junho, ser\u00e1 realizada a nova edi\u00e7\u00e3o que contar\u00e1 com a participa\u00e7\u00e3o de mais de 70 r\u00f3tulos da bebida de diferentes pa\u00edses, Fran\u00e7a, It\u00e1lia, Portugal, Espanha, Chile, Argentina, Uruguai e Brasil.<\/p>\n<figure id=\"attachment_8422\" aria-describedby=\"caption-attachment-8422\" style=\"width: 800px\" class=\"wp-caption aligncenter\"><a href=\"https:\/\/blogs.correiobraziliense.com.br\/lianasabo\/wp-content\/uploads\/sites\/25\/2024\/06\/wf2.jpeg\"><img loading=\"lazy\" decoding=\"async\" class=\"size-full wp-image-8422\" src=\"https:\/\/blogs.correiobraziliense.com.br\/lianasabo\/wp-content\/uploads\/sites\/25\/2024\/06\/wf2.jpeg\" alt=\"\" width=\"800\" height=\"659\" srcset=\"https:\/\/blogs.correiobraziliense.com.br\/lianasabo\/wp-content\/uploads\/sites\/25\/2024\/06\/wf2.jpeg 800w, https:\/\/blogs.correiobraziliense.com.br\/lianasabo\/wp-content\/uploads\/sites\/25\/2024\/06\/wf2-300x247.jpeg 300w, https:\/\/blogs.correiobraziliense.com.br\/lianasabo\/wp-content\/uploads\/sites\/25\/2024\/06\/wf2-768x633.jpeg 768w, https:\/\/blogs.correiobraziliense.com.br\/lianasabo\/wp-content\/uploads\/sites\/25\/2024\/06\/wf2-550x453.jpeg 550w, https:\/\/blogs.correiobraziliense.com.br\/lianasabo\/wp-content\/uploads\/sites\/25\/2024\/06\/wf2-230x189.jpeg 230w\" sizes=\"auto, (max-width: 800px) 100vw, 800px\" \/><\/a><figcaption id=\"caption-attachment-8422\" class=\"wp-caption-text\">Fotos: 70 Mil Comunica\u00e7\u00e3o\/Divulga\u00e7\u00e3o<\/figcaption><\/figure>\n<p>As bebidas ser\u00e3o servidas das 17h \u00e0s 22h em duas dosagens diferentes, 75 ml e 100 ml. Os pre\u00e7os s\u00e3o divididos em categorias: R$ 10, R$ 12, R$ 15 e R$ 20, al\u00e9m de garrafas. Para harmonizar, a Costelaria ainda oferecer\u00e1 um menu de petiscos, com op\u00e7\u00f5es como croquetes de costela, carpaccio, burrata, t\u00e1bua de frios e past\u00e9is de costela.<\/p>\n<p>O ingresso de entrada custa R$ 35 (2\u00ba lote), com direito a uma ta\u00e7a personalizada e uma dose de vinho equivalente a 50 ml. \u00c0 venda em <a href=\"https:\/\/www.sympla.com.br\/evento\/wine-farm-3\/2445831\">https:\/\/www.sympla.com.br\/evento\/wine-farm-3\/2445831<\/a>.<\/p>\n","protected":false},"excerpt":{"rendered":"<p>A nova edi\u00e7\u00e3o do evento ser\u00e1 no s\u00e1bado (8\/6), na Costelaria Ga\u00facha Small Farm<\/p>\n","protected":false},"author":54,"featured_media":8421,"comment_status":"open","ping_status":"open","sticky":false,"template":"","format":"standard","meta":{"footnotes":""},"categories":[222],"tags":[1098,463,810],"class_list":["post-8420","post","type-post","status-publish","format-standard","has-post-thumbnail","hentry","category-vinhos","tag-costelaria-gaucha-small-farm","tag-degustacao","tag-wine-farm"],"_links":{"self":[{"href":"https:\/\/blogs.correiobraziliense.com.br\/lianasabo\/wp-json\/wp\/v2\/posts\/8420","targetHints":{"allow":["GET"]}}],"collection":[{"href":"https:\/\/blogs.correiobraziliense.com.br\/lianasabo\/wp-json\/wp\/v2\/posts"}],"about":[{"href":"https:\/\/blogs.correiobraziliense.com.br\/lianasabo\/wp-json\/wp\/v2\/types\/post"}],"author":[{"embeddable":true,"href":"https:\/\/blogs.correiobraziliense.com.br\/lianasabo\/wp-json\/wp\/v2\/users\/54"}],"replies":[{"embeddable":true,"href":"https:\/\/blogs.correiobraziliense.com.br\/lianasabo\/wp-json\/wp\/v2\/comments?post=8420"}],"version-history":[{"count":2,"href":"https:\/\/blogs.correiobraziliense.com.br\/lianasabo\/wp-json\/wp\/v2\/posts\/8420\/revisions"}],"predecessor-version":[{"id":8424,"href":"https:\/\/blogs.correiobraziliense.com.br\/lianasabo\/wp-json\/wp\/v2\/posts\/8420\/revisions\/8424"}],"wp:featuredmedia":[{"embeddable":true,"href":"https:\/\/blogs.correiobraziliense.com.br\/lianasabo\/wp-json\/wp\/v2\/media\/8421"}],"wp:attachment":[{"href":"https:\/\/blogs.correiobraziliense.com.br\/lianasabo\/wp-json\/wp\/v2\/media?parent=8420"}],"wp:term":[{"taxonomy":"category","embeddable":true,"href":"https:\/\/blogs.correiobraziliense.com.br\/lianasabo\/wp-json\/wp\/v2\/categories?post=8420"},{"taxonomy":"post_tag","embeddable":true,"href":"https:\/\/blogs.correiobraziliense.com.br\/lianasabo\/wp-json\/wp\/v2\/tags?post=8420"}],"curies":[{"name":"wp","href":"https:\/\/api.w.org\/{rel}","templated":true}]}}