{"id":8390,"date":"2024-05-31T06:07:56","date_gmt":"2024-05-31T09:07:56","guid":{"rendered":"https:\/\/blogs.correiobraziliense.com.br\/lianasabo\/?p=8390"},"modified":"2024-05-30T22:21:24","modified_gmt":"2024-05-31T01:21:24","slug":"decanter-wine-day-chega-a-nona-edicao","status":"publish","type":"post","link":"https:\/\/blogs.correiobraziliense.com.br\/lianasabo\/decanter-wine-day-chega-a-nona-edicao\/","title":{"rendered":"Decanter Wine Day chega \u00e0 nona edi\u00e7\u00e3o"},"content":{"rendered":"<p><em>Ser\u00e3o 120 r\u00f3tulos de 12 pa\u00edses a serem apresentados no evento em 19 de junho<\/em><\/p>\n<p>J\u00e1 est\u00e3o sendo vendidos a R$ 295 individual os ingressos para o Decanter Wine Day, que realiza no dia 19 de junho a nona edi\u00e7\u00e3o do evento muito apreciados pelos amantes do vinho. S\u00e3o 120 r\u00f3tulos diferentes produzidos em 12 pa\u00edses das principais vin\u00edcolas da Am\u00e9rica do Sul e da Europa premiadas internacionalmente e todos importados com exclusividade pela Decanter. Mesa com frios, p\u00e3es, queijos, pat\u00eas e empratados quentes d\u00e3o suporte gastron\u00f4mico \u00e0 degusta\u00e7\u00e3o, que ter\u00e1 lugar no Quality Hotel (em frente ao ParkShopping e ao lado da Leroy Merlin) no hor\u00e1rio das 18h \u00e0s 22h.<\/p>\n<p>Entre os destaques est\u00e3o os vinhos Luigi Bosca Para\u00edso, Quinta da Gaivosa, Memorias, Bourgogne Antonin Guyon, Caprili Brunello di Montalcino e Arzuaga, al\u00e9m de outros in\u00e9ditos que ser\u00e3o servidos pela primeira vez no evento, como Ferrari Formula 1 e Giroux Maconnais. Estar\u00e3o presentes produtores latinos e europeus dispostos a falar sobre os vinhos. Todos os r\u00f3tulos estar\u00e3o \u00e0 venda no local com desconto de 30%. Os ingressos podem ser adquiridos no site:\u00a0<a href=\"http:\/\/www.decanterbsb.com.br\/informa-es-do-evento-e-registro\/wine-day-9-edicao\/pick-tickets\">www.decanterbsb.com.br\/informa-es-do-evento-e-registro\/wine-day-9-edicao\/pick-tickets<\/a>.<\/p>\n","protected":false},"excerpt":{"rendered":"<p>Ser\u00e3o 120 r\u00f3tulos de 12 pa\u00edses a serem apresentados no evento em 19 de junho<\/p>\n","protected":false},"author":54,"featured_media":8391,"comment_status":"open","ping_status":"open","sticky":false,"template":"","format":"standard","meta":{"footnotes":""},"categories":[222],"tags":[1094,425],"class_list":["post-8390","post","type-post","status-publish","format-standard","has-post-thumbnail","hentry","category-vinhos","tag-decanter-wine-day","tag-vinhos"],"_links":{"self":[{"href":"https:\/\/blogs.correiobraziliense.com.br\/lianasabo\/wp-json\/wp\/v2\/posts\/8390","targetHints":{"allow":["GET"]}}],"collection":[{"href":"https:\/\/blogs.correiobraziliense.com.br\/lianasabo\/wp-json\/wp\/v2\/posts"}],"about":[{"href":"https:\/\/blogs.correiobraziliense.com.br\/lianasabo\/wp-json\/wp\/v2\/types\/post"}],"author":[{"embeddable":true,"href":"https:\/\/blogs.correiobraziliense.com.br\/lianasabo\/wp-json\/wp\/v2\/users\/54"}],"replies":[{"embeddable":true,"href":"https:\/\/blogs.correiobraziliense.com.br\/lianasabo\/wp-json\/wp\/v2\/comments?post=8390"}],"version-history":[{"count":1,"href":"https:\/\/blogs.correiobraziliense.com.br\/lianasabo\/wp-json\/wp\/v2\/posts\/8390\/revisions"}],"predecessor-version":[{"id":8392,"href":"https:\/\/blogs.correiobraziliense.com.br\/lianasabo\/wp-json\/wp\/v2\/posts\/8390\/revisions\/8392"}],"wp:featuredmedia":[{"embeddable":true,"href":"https:\/\/blogs.correiobraziliense.com.br\/lianasabo\/wp-json\/wp\/v2\/media\/8391"}],"wp:attachment":[{"href":"https:\/\/blogs.correiobraziliense.com.br\/lianasabo\/wp-json\/wp\/v2\/media?parent=8390"}],"wp:term":[{"taxonomy":"category","embeddable":true,"href":"https:\/\/blogs.correiobraziliense.com.br\/lianasabo\/wp-json\/wp\/v2\/categories?post=8390"},{"taxonomy":"post_tag","embeddable":true,"href":"https:\/\/blogs.correiobraziliense.com.br\/lianasabo\/wp-json\/wp\/v2\/tags?post=8390"}],"curies":[{"name":"wp","href":"https:\/\/api.w.org\/{rel}","templated":true}]}}