{"id":8387,"date":"2024-05-31T06:10:54","date_gmt":"2024-05-31T09:10:54","guid":{"rendered":"https:\/\/blogs.correiobraziliense.com.br\/lianasabo\/?p=8387"},"modified":"2024-05-31T12:45:38","modified_gmt":"2024-05-31T15:45:38","slug":"integrantes-da-vinicola-uvva-na-bahia-participaram-de-degustacao-em-brasilia","status":"publish","type":"post","link":"https:\/\/blogs.correiobraziliense.com.br\/lianasabo\/integrantes-da-vinicola-uvva-na-bahia-participaram-de-degustacao-em-brasilia\/","title":{"rendered":"Integrantes da Vin\u00edcola Uvva, na Bahia, participaram de degusta\u00e7\u00e3o em Bras\u00edlia"},"content":{"rendered":"<p><em>O en\u00f3logo Marcelo Petrolin e o dono da Vin\u00edcola Uvva, Fabiano Borr\u00e9, apresentaram os vinhos baianos aos brasilienses<\/em><\/p>\n<p>H\u00e1 40 anos uma fam\u00edlia de origem norueguesa residente em S\u00e3o Paulo das Miss\u00f5es, noroeste do Rio Grande do Sul, emigrou para Bahia com objetivo de plantar batata e caf\u00e9 na Chapada Diamantina. O solo arenoso e calc\u00e1rio de excelente drenagem chamou a aten\u00e7\u00e3o dos Borr\u00e9, que deram in\u00edcio ao plantio de vinhedos a 1.150 metros acima do n\u00edvel do mar. Com a ajuda do en\u00f3logo Marcelo Petrolin come\u00e7aram a produzir vinhos de inverno na Uvva, \u201c\u00fanica vin\u00edcola batizada com o nome da fruta\u201d, observa Fabiano Borr\u00e9.<\/p>\n<p>Os dois estiveram em Bras\u00edlia, semana passada, comandando degusta\u00e7\u00e3o in\u00e9dita de cinco vinhos, entre os quais, Chardonnay, Syrah, dois blends \u2013 Cordel, de Syrah, Cabernet Sauvignon, Merlot e Malbec e Diam\u00e3, de cinco variedades -, al\u00e9m de um espumante Nature, durante jantar harmonizado no Dom Francisco promovido pela ABS, se\u00e7\u00e3o do Distrito Federal. Aberta \u00e0 visita\u00e7\u00e3o, a vin\u00edcola pr\u00f3xima \u00e0 cidade de Mucug\u00ea disp\u00f5e de restaurante e oferece bel\u00edssima vista da Serra do Sicor\u00e1. Telefone: (77) 3311-2115.<\/p>\n","protected":false},"excerpt":{"rendered":"<p>O en\u00f3logo Marcelo Petrolin e o dono da Vin\u00edcola Uvva, Fabiano Borr\u00e9, apresentaram os vinhos baianos aos brasilienses<\/p>\n","protected":false},"author":54,"featured_media":8388,"comment_status":"open","ping_status":"open","sticky":false,"template":"","format":"standard","meta":{"footnotes":""},"categories":[222],"tags":[1093,1092],"class_list":["post-8387","post","type-post","status-publish","format-standard","has-post-thumbnail","hentry","category-vinhos","tag-vinho-baiano","tag-vinicola-uvva"],"_links":{"self":[{"href":"https:\/\/blogs.correiobraziliense.com.br\/lianasabo\/wp-json\/wp\/v2\/posts\/8387","targetHints":{"allow":["GET"]}}],"collection":[{"href":"https:\/\/blogs.correiobraziliense.com.br\/lianasabo\/wp-json\/wp\/v2\/posts"}],"about":[{"href":"https:\/\/blogs.correiobraziliense.com.br\/lianasabo\/wp-json\/wp\/v2\/types\/post"}],"author":[{"embeddable":true,"href":"https:\/\/blogs.correiobraziliense.com.br\/lianasabo\/wp-json\/wp\/v2\/users\/54"}],"replies":[{"embeddable":true,"href":"https:\/\/blogs.correiobraziliense.com.br\/lianasabo\/wp-json\/wp\/v2\/comments?post=8387"}],"version-history":[{"count":3,"href":"https:\/\/blogs.correiobraziliense.com.br\/lianasabo\/wp-json\/wp\/v2\/posts\/8387\/revisions"}],"predecessor-version":[{"id":8394,"href":"https:\/\/blogs.correiobraziliense.com.br\/lianasabo\/wp-json\/wp\/v2\/posts\/8387\/revisions\/8394"}],"wp:featuredmedia":[{"embeddable":true,"href":"https:\/\/blogs.correiobraziliense.com.br\/lianasabo\/wp-json\/wp\/v2\/media\/8388"}],"wp:attachment":[{"href":"https:\/\/blogs.correiobraziliense.com.br\/lianasabo\/wp-json\/wp\/v2\/media?parent=8387"}],"wp:term":[{"taxonomy":"category","embeddable":true,"href":"https:\/\/blogs.correiobraziliense.com.br\/lianasabo\/wp-json\/wp\/v2\/categories?post=8387"},{"taxonomy":"post_tag","embeddable":true,"href":"https:\/\/blogs.correiobraziliense.com.br\/lianasabo\/wp-json\/wp\/v2\/tags?post=8387"}],"curies":[{"name":"wp","href":"https:\/\/api.w.org\/{rel}","templated":true}]}}